{"id":324492,"date":"2024-03-13T09:35:50","date_gmt":"2024-03-13T06:35:50","guid":{"rendered":"https:\/\/sana.sy\/es\/?p=324492"},"modified":"2024-03-13T09:35:50","modified_gmt":"2024-03-13T06:35:50","slug":"lazzarini-la-cifra-de-ninos-asesinados-en-gaza-equivale-a-la-de-cuatro-anos-de-guerras-en-el-mundo","status":"publish","type":"post","link":"https:\/\/archive.sana.sy\/es\/?p=324492","title":{"rendered":"Lazzarini: La cifra de ni\u00f1os asesinados en Gaza equivale a la de cuatro a\u00f1os de guerras en el mundo"},"content":{"rendered":"<p style=\"text-align: justify;\"><span style=\"color: #800000;\"><strong>Ginebra, 13 mar (SANA)<\/strong> <\/span>El comisionado general de la Agencia de Obras P\u00fablicas y Socorro de las Naciones Unidas para los Refugiados de Palestina (UNRWA), Philippe Lazzarini, anunci\u00f3 hoy que el n\u00famero de ni\u00f1os palestinos que murieron por la agresi\u00f3n israel\u00ed en curso contra la Franja de Gaza supera la cifra de menores muertos durante cuatro a\u00f1os de conflictos en el mundo.<\/p>\n<p style=\"text-align: justify;\">&#8220;Es sorprendente, el n\u00famero de ni\u00f1os asesinados en s\u00f3lo cuatro meses en Gaza supera el n\u00famero de ni\u00f1os asesinados en cuatro a\u00f1os en todos los conflictos en el mundo.<\/p>\n<p style=\"text-align: justify;\">Lo que ocurre en Gaza es una guerra contra los ni\u00f1os y su futuro&#8221;, dijo Lazzarini en una publicaci\u00f3n en la plataforma &#8220;X&#8221;.<\/p>\n<p style=\"text-align: justify;\">Las fuerzas de ocupaci\u00f3n israel\u00edes llevan a cabo una agresi\u00f3n fascista desde el pasado d\u00eda 7 de octubre contra la Franja de Gaza, lo que caus\u00f3 la muerte de 31.184 palestinos, entre ellos 12.300 ni\u00f1os palestinos, mientras que las estad\u00edsticas de las Naciones Unidas registraron el asesinato de 2.139 ni\u00f1os en guerras en todo el mundo entre 2019 y 2022.<\/p>\n<p style=\"text-align: justify;\">fm\/as<\/p>\n","protected":false},"excerpt":{"rendered":"<p>Ginebra, 13 mar (SANA) El comisionado general de la Agencia de Obras P\u00fablicas y Socorro de las Naciones Unidas para los Refugiados de Palestina (UNRWA), Philippe Lazzarini, anunci\u00f3 hoy que el n\u00famero de ni\u00f1os palestinos que murieron por la agresi\u00f3n israel\u00ed en curso contra la Franja de Gaza supera la cifra de menores muertos durante &hellip;<\/p>\n","protected":false},"author":42,"featured_media":324493,"comment_status":"closed","ping_status":"closed","sticky":false,"template":"","format":"standard","meta":{"footnotes":""},"categories":[597,456,16687,20724,7541],"tags":[],"class_list":["post-324492","post","type-post","status-publish","format-standard","has-post-thumbnail","","category-cinta-de-noticias","category-arabe-internacional-politica","category-internacionales","category-minuto-a-minuto","category-ultimas-noticias"],"_links":{"self":[{"href":"https:\/\/archive.sana.sy\/es\/index.php?rest_route=\/wp\/v2\/posts\/324492"}],"collection":[{"href":"https:\/\/archive.sana.sy\/es\/index.php?rest_route=\/wp\/v2\/posts"}],"about":[{"href":"https:\/\/archive.sana.sy\/es\/index.php?rest_route=\/wp\/v2\/types\/post"}],"author":[{"embeddable":true,"href":"https:\/\/archive.sana.sy\/es\/index.php?rest_route=\/wp\/v2\/users\/42"}],"replies":[{"embeddable":true,"href":"https:\/\/archive.sana.sy\/es\/index.php?rest_route=%2Fwp%2Fv2%2Fcomments&post=324492"}],"version-history":[{"count":1,"href":"https:\/\/archive.sana.sy\/es\/index.php?rest_route=\/wp\/v2\/posts\/324492\/revisions"}],"predecessor-version":[{"id":324494,"href":"https:\/\/archive.sana.sy\/es\/index.php?rest_route=\/wp\/v2\/posts\/324492\/revisions\/324494"}],"wp:featuredmedia":[{"embeddable":true,"href":"https:\/\/archive.sana.sy\/es\/index.php?rest_route=\/wp\/v2\/media\/324493"}],"wp:attachment":[{"href":"https:\/\/archive.sana.sy\/es\/index.php?rest_route=%2Fwp%2Fv2%2Fmedia&parent=324492"}],"wp:term":[{"taxonomy":"category","embeddable":true,"href":"https:\/\/archive.sana.sy\/es\/index.php?rest_route=%2Fwp%2Fv2%2Fcategories&post=324492"},{"taxonomy":"post_tag","embeddable":true,"href":"https:\/\/archive.sana.sy\/es\/index.php?rest_route=%2Fwp%2Fv2%2Ftags&post=324492"}],"curies":[{"name":"wp","href":"https:\/\/api.w.org\/{rel}","templated":true}]}}