{"id":324501,"date":"2024-03-13T11:49:29","date_gmt":"2024-03-13T08:49:29","guid":{"rendered":"https:\/\/sana.sy\/es\/?p=324501"},"modified":"2024-03-13T14:11:15","modified_gmt":"2024-03-13T11:11:15","slug":"presidente-sirio-recibe-mensajes-de-felicitacion-de-varios-mandatarios-por-el-sagrado-del-ramadan","status":"publish","type":"post","link":"https:\/\/archive.sana.sy\/es\/?p=324501","title":{"rendered":"Presidente sirio recibe mensajes de felicitaci\u00f3n de varios mandatarios por\u00a0el  sagrado mes  del Ramad\u00e1n"},"content":{"rendered":"<p style=\"text-align: justify;\"><strong><span style=\"color: #800000;\">Damasco, 13 mar (SANA)<\/span><\/strong> El presidente Bashar Al-Assad, recibi\u00f3 mensajes de felicitaci\u00f3n de jefes de estado \u00e1rabes que le desearon salud y\u00a0al pueblo sirio prosperidad y bienestar.<\/p>\n<p style=\"text-align: justify;\">Al-Assad expres\u00f3 sus sinceras felicitaciones y sus mejores deseos para los jefes de Estado y sus pueblos en esta bendita ocasi\u00f3n.<\/p>\n<p style=\"text-align: justify;\">Los presidentes expresaron sus sinceros deseos de buena salud y bienestar al presidente Al-Assad, y de paz y prosperidad al pueblo sirio.<\/p>\n<p style=\"text-align: justify;\">Los mensajes fueron enviados por Salman bin Abdulaziz Al Saud, rey saudita y custodio de las Dos Sagradas Mezquitas; Khalifa bin Zayed, presidente de los Emiratos \u00c1rabes Unidos; Haitham bin Tariq, sult\u00e1n de Om\u00e1n; Abdelmadjid Tebboune, presidente de la Rep\u00fablica de Argelia; Abdel Fattah El-Sisi, presidente de la Rep\u00fablica \u00c1rabe de Egipto; el presidente Mahmoud Abbas, presidente del Estado de Palestina; el presidente Shavkat Mirziyoyev de la Rep\u00fablica de Uzbekist\u00e1n.<\/p>\n<p style=\"text-align: justify;\">Tambi\u00e9n, fueron enviados mensajes por Mohammed bin Salman bin Abdulaziz Al Saud, el pr\u00edncipe heredero y primer ministro del Reino de Arabia Saudita; Mohammed bin Salman bin Abdulaziz Al Saud, pr\u00edncipe heredero y primer ministro del Reino de Arabia Saudita; y Mansour bin Zayed Al Nahyan, vicepresidente de los Emiratos \u00c1rabes Unidos, viceprimer ministro y ministro de la Corte Presidencial.<\/p>\n<p style=\"text-align: justify;\">as\/fm<\/p>\n","protected":false},"excerpt":{"rendered":"<p>Damasco, 13 mar (SANA) El presidente Bashar Al-Assad, recibi\u00f3 mensajes de felicitaci\u00f3n de jefes de estado \u00e1rabes que le desearon salud y\u00a0al pueblo sirio prosperidad y bienestar. Al-Assad expres\u00f3 sus sinceras felicitaciones y sus mejores deseos para los jefes de Estado y sus pueblos en esta bendita ocasi\u00f3n. Los presidentes expresaron sus sinceros deseos de &hellip;<\/p>\n","protected":false},"author":42,"featured_media":324502,"comment_status":"closed","ping_status":"closed","sticky":false,"template":"","format":"standard","meta":{"footnotes":""},"categories":[597,20724,16237,583,626],"tags":[],"class_list":["post-324501","post","type-post","status-publish","format-standard","has-post-thumbnail","","category-cinta-de-noticias","category-minuto-a-minuto","category-presidence-de-la-republique-arabe-syria","category-slide","category-sr-presidente"],"_links":{"self":[{"href":"https:\/\/archive.sana.sy\/es\/index.php?rest_route=\/wp\/v2\/posts\/324501"}],"collection":[{"href":"https:\/\/archive.sana.sy\/es\/index.php?rest_route=\/wp\/v2\/posts"}],"about":[{"href":"https:\/\/archive.sana.sy\/es\/index.php?rest_route=\/wp\/v2\/types\/post"}],"author":[{"embeddable":true,"href":"https:\/\/archive.sana.sy\/es\/index.php?rest_route=\/wp\/v2\/users\/42"}],"replies":[{"embeddable":true,"href":"https:\/\/archive.sana.sy\/es\/index.php?rest_route=%2Fwp%2Fv2%2Fcomments&post=324501"}],"version-history":[{"count":3,"href":"https:\/\/archive.sana.sy\/es\/index.php?rest_route=\/wp\/v2\/posts\/324501\/revisions"}],"predecessor-version":[{"id":324524,"href":"https:\/\/archive.sana.sy\/es\/index.php?rest_route=\/wp\/v2\/posts\/324501\/revisions\/324524"}],"wp:featuredmedia":[{"embeddable":true,"href":"https:\/\/archive.sana.sy\/es\/index.php?rest_route=\/wp\/v2\/media\/324502"}],"wp:attachment":[{"href":"https:\/\/archive.sana.sy\/es\/index.php?rest_route=%2Fwp%2Fv2%2Fmedia&parent=324501"}],"wp:term":[{"taxonomy":"category","embeddable":true,"href":"https:\/\/archive.sana.sy\/es\/index.php?rest_route=%2Fwp%2Fv2%2Fcategories&post=324501"},{"taxonomy":"post_tag","embeddable":true,"href":"https:\/\/archive.sana.sy\/es\/index.php?rest_route=%2Fwp%2Fv2%2Ftags&post=324501"}],"curies":[{"name":"wp","href":"https:\/\/api.w.org\/{rel}","templated":true}]}}