{"id":324507,"date":"2024-03-13T12:49:56","date_gmt":"2024-03-13T09:49:56","guid":{"rendered":"https:\/\/sana.sy\/es\/?p=324507"},"modified":"2024-03-13T12:50:30","modified_gmt":"2024-03-13T09:50:30","slug":"fuerzas-israelies-asesinan-a-cuatro-palestinos-en-cisjordania-2","status":"publish","type":"post","link":"https:\/\/archive.sana.sy\/es\/?p=324507","title":{"rendered":"Fuerzas israel\u00edes asesinan a cuatro palestinos en Cisjordania"},"content":{"rendered":"<p style=\"text-align: justify;\"><span style=\"color: #800000;\"><strong>Jerusal\u00e9n ocupada, 13 mar (SANA) <\/strong><\/span>Cuatro palestinos perdieron la vida hoy por disparos de las fuerzas israel\u00edes, en Cisjordania .<\/p>\n<p style=\"text-align: justify;\">La agencia de noticias Wafa inform\u00f3 que los militares israel\u00edes, apoyados por buld\u00f3ceres y decenas de veh\u00edculos militares asaltaron la ciudad de Jenin, donde atacaron a los palestinos, matando a dos de ellos\u00a0 mientras otros cuatro resultaron heridos.<\/p>\n<p style=\"text-align: justify;\">Asimismo, las\u00a0tropas sionistas comenzaron a destruir carreteras y la infraestructura en la ciudad.<\/p>\n<p style=\"text-align: justify;\">Dos palestinos tambi\u00e9n murieron y otros tres resultaron heridos por disparos de las fuerzas israel\u00edes cerca de la ciudad de Al-Jib, al noroeste de la ciudad ocupada de Jerusal\u00e9n.<\/p>\n<p style=\"text-align: justify;\">La v\u00edspera, un ni\u00f1o palestino fue asesinado en el campo de refugiados de Shuafat, al norte de la Jerusal\u00e9n ocupada.<\/p>\n<p style=\"text-align: justify;\">as\/fm<\/p>\n","protected":false},"excerpt":{"rendered":"<p>Jerusal\u00e9n ocupada, 13 mar (SANA) Cuatro palestinos perdieron la vida hoy por disparos de las fuerzas israel\u00edes, en Cisjordania . La agencia de noticias Wafa inform\u00f3 que los militares israel\u00edes, apoyados por buld\u00f3ceres y decenas de veh\u00edculos militares asaltaron la ciudad de Jenin, donde atacaron a los palestinos, matando a dos de ellos\u00a0 mientras otros &hellip;<\/p>\n","protected":false},"author":42,"featured_media":324508,"comment_status":"closed","ping_status":"closed","sticky":false,"template":"","format":"standard","meta":{"footnotes":""},"categories":[597,456,16687,20724,7541],"tags":[],"class_list":["post-324507","post","type-post","status-publish","format-standard","has-post-thumbnail","","category-cinta-de-noticias","category-arabe-internacional-politica","category-internacionales","category-minuto-a-minuto","category-ultimas-noticias"],"_links":{"self":[{"href":"https:\/\/archive.sana.sy\/es\/index.php?rest_route=\/wp\/v2\/posts\/324507"}],"collection":[{"href":"https:\/\/archive.sana.sy\/es\/index.php?rest_route=\/wp\/v2\/posts"}],"about":[{"href":"https:\/\/archive.sana.sy\/es\/index.php?rest_route=\/wp\/v2\/types\/post"}],"author":[{"embeddable":true,"href":"https:\/\/archive.sana.sy\/es\/index.php?rest_route=\/wp\/v2\/users\/42"}],"replies":[{"embeddable":true,"href":"https:\/\/archive.sana.sy\/es\/index.php?rest_route=%2Fwp%2Fv2%2Fcomments&post=324507"}],"version-history":[{"count":1,"href":"https:\/\/archive.sana.sy\/es\/index.php?rest_route=\/wp\/v2\/posts\/324507\/revisions"}],"predecessor-version":[{"id":324509,"href":"https:\/\/archive.sana.sy\/es\/index.php?rest_route=\/wp\/v2\/posts\/324507\/revisions\/324509"}],"wp:featuredmedia":[{"embeddable":true,"href":"https:\/\/archive.sana.sy\/es\/index.php?rest_route=\/wp\/v2\/media\/324508"}],"wp:attachment":[{"href":"https:\/\/archive.sana.sy\/es\/index.php?rest_route=%2Fwp%2Fv2%2Fmedia&parent=324507"}],"wp:term":[{"taxonomy":"category","embeddable":true,"href":"https:\/\/archive.sana.sy\/es\/index.php?rest_route=%2Fwp%2Fv2%2Fcategories&post=324507"},{"taxonomy":"post_tag","embeddable":true,"href":"https:\/\/archive.sana.sy\/es\/index.php?rest_route=%2Fwp%2Fv2%2Ftags&post=324507"}],"curies":[{"name":"wp","href":"https:\/\/api.w.org\/{rel}","templated":true}]}}