{"id":324513,"date":"2024-03-13T13:23:51","date_gmt":"2024-03-13T10:23:51","guid":{"rendered":"https:\/\/sana.sy\/es\/?p=324513"},"modified":"2024-03-13T13:23:51","modified_gmt":"2024-03-13T10:23:51","slug":"el-numero-total-de-victimas-de-la-actual-agresion-de-ocupacion-israeli-en-la-franja-de-gaza-durante-159-dias-ha-aumentado-a-30-272-muertos-y-73-024-heridos","status":"publish","type":"post","link":"https:\/\/archive.sana.sy\/es\/?p=324513","title":{"rendered":"El n\u00famero total de v\u00edctimas de la actual agresi\u00f3n de ocupaci\u00f3n israel\u00ed en la Franja de Gaza durante 159 d\u00edas ha aumentado a 30.272 muertos y 73.024 heridos."},"content":{"rendered":"","protected":false},"excerpt":{"rendered":"","protected":false},"author":42,"featured_media":0,"comment_status":"closed","ping_status":"closed","sticky":false,"template":"","format":"standard","meta":{"footnotes":""},"categories":[16687,20724],"tags":[],"class_list":["post-324513","post","type-post","status-publish","format-standard","","category-internacionales","category-minuto-a-minuto"],"_links":{"self":[{"href":"https:\/\/archive.sana.sy\/es\/index.php?rest_route=\/wp\/v2\/posts\/324513"}],"collection":[{"href":"https:\/\/archive.sana.sy\/es\/index.php?rest_route=\/wp\/v2\/posts"}],"about":[{"href":"https:\/\/archive.sana.sy\/es\/index.php?rest_route=\/wp\/v2\/types\/post"}],"author":[{"embeddable":true,"href":"https:\/\/archive.sana.sy\/es\/index.php?rest_route=\/wp\/v2\/users\/42"}],"replies":[{"embeddable":true,"href":"https:\/\/archive.sana.sy\/es\/index.php?rest_route=%2Fwp%2Fv2%2Fcomments&post=324513"}],"version-history":[{"count":1,"href":"https:\/\/archive.sana.sy\/es\/index.php?rest_route=\/wp\/v2\/posts\/324513\/revisions"}],"predecessor-version":[{"id":324514,"href":"https:\/\/archive.sana.sy\/es\/index.php?rest_route=\/wp\/v2\/posts\/324513\/revisions\/324514"}],"wp:attachment":[{"href":"https:\/\/archive.sana.sy\/es\/index.php?rest_route=%2Fwp%2Fv2%2Fmedia&parent=324513"}],"wp:term":[{"taxonomy":"category","embeddable":true,"href":"https:\/\/archive.sana.sy\/es\/index.php?rest_route=%2Fwp%2Fv2%2Fcategories&post=324513"},{"taxonomy":"post_tag","embeddable":true,"href":"https:\/\/archive.sana.sy\/es\/index.php?rest_route=%2Fwp%2Fv2%2Ftags&post=324513"}],"curies":[{"name":"wp","href":"https:\/\/api.w.org\/{rel}","templated":true}]}}