{"id":324525,"date":"2024-03-13T14:25:59","date_gmt":"2024-03-13T11:25:59","guid":{"rendered":"https:\/\/sana.sy\/es\/?p=324525"},"modified":"2024-03-13T14:25:59","modified_gmt":"2024-03-13T11:25:59","slug":"gaza-sometida-al-genocidio-israeli-desde-hace-159-dias","status":"publish","type":"post","link":"https:\/\/archive.sana.sy\/es\/?p=324525","title":{"rendered":"Gaza sometida al genocidio israel\u00ed desde hace 159 d\u00edas"},"content":{"rendered":"<p style=\"text-align: justify;\"><span style=\"color: #800000;\"><strong>Jerusal\u00e9n ocupada, 13 mar (SANA)<\/strong> <\/span>Decenas de palestinos murieron o resultaron heridos por los bombardeos israel\u00edes contra la Franja de Gaza, sometida a un genocidio israel\u00ed desde hace 159 d\u00edas.<\/p>\n<p>Seg\u00fan reportes de la agencia oficial de noticias Wafa, cinco ciudadanos, incluidos menores de edad, perdieron la vida tras los disparos de la artiller\u00eda contra el barrio de Tal Al-Hawa, ubicado en la norte\u00f1a ciudad de Gaza.<\/p>\n<p style=\"text-align: justify;\">Asimismo, al menos cuatro proyectiles cayeron en las inmediaciones del Hospital Al-Quds, afiliado a la Media Luna Roja Palestina.<\/p>\n<p style=\"text-align: justify;\">Por otro lado, dos personas fallecieron y cuatro ni\u00f1os fueron heridos en otro ataque israel\u00ed contra una vivienda en el vecindario de Al-Daraj, tambi\u00e9n en la misma urbe.<\/p>\n<p style=\"text-align: justify;\">Un bombardeo del ocupante israel\u00ed contra una casa en el barrio de Zaitoun en la ciudad de Gaza dej\u00f3 muertos a siete palestinos de la misma familia.<\/p>\n<p style=\"text-align: justify;\">El n\u00famero total de v\u00edctimas de la actual agresi\u00f3n de ocupaci\u00f3n israel\u00ed en la Franja de Gaza aument\u00f3 a 31.272 muertos y 73.024.<\/p>\n<p style=\"text-align: justify;\">fm\/as<\/p>\n","protected":false},"excerpt":{"rendered":"<p>Jerusal\u00e9n ocupada, 13 mar (SANA) Decenas de palestinos murieron o resultaron heridos por los bombardeos israel\u00edes contra la Franja de Gaza, sometida a un genocidio israel\u00ed desde hace 159 d\u00edas. Seg\u00fan reportes de la agencia oficial de noticias Wafa, cinco ciudadanos, incluidos menores de edad, perdieron la vida tras los disparos de la artiller\u00eda contra &hellip;<\/p>\n","protected":false},"author":42,"featured_media":324526,"comment_status":"closed","ping_status":"closed","sticky":false,"template":"","format":"standard","meta":{"footnotes":""},"categories":[597,456,16687,20724,7541],"tags":[],"class_list":["post-324525","post","type-post","status-publish","format-standard","has-post-thumbnail","","category-cinta-de-noticias","category-arabe-internacional-politica","category-internacionales","category-minuto-a-minuto","category-ultimas-noticias"],"_links":{"self":[{"href":"https:\/\/archive.sana.sy\/es\/index.php?rest_route=\/wp\/v2\/posts\/324525"}],"collection":[{"href":"https:\/\/archive.sana.sy\/es\/index.php?rest_route=\/wp\/v2\/posts"}],"about":[{"href":"https:\/\/archive.sana.sy\/es\/index.php?rest_route=\/wp\/v2\/types\/post"}],"author":[{"embeddable":true,"href":"https:\/\/archive.sana.sy\/es\/index.php?rest_route=\/wp\/v2\/users\/42"}],"replies":[{"embeddable":true,"href":"https:\/\/archive.sana.sy\/es\/index.php?rest_route=%2Fwp%2Fv2%2Fcomments&post=324525"}],"version-history":[{"count":1,"href":"https:\/\/archive.sana.sy\/es\/index.php?rest_route=\/wp\/v2\/posts\/324525\/revisions"}],"predecessor-version":[{"id":324527,"href":"https:\/\/archive.sana.sy\/es\/index.php?rest_route=\/wp\/v2\/posts\/324525\/revisions\/324527"}],"wp:featuredmedia":[{"embeddable":true,"href":"https:\/\/archive.sana.sy\/es\/index.php?rest_route=\/wp\/v2\/media\/324526"}],"wp:attachment":[{"href":"https:\/\/archive.sana.sy\/es\/index.php?rest_route=%2Fwp%2Fv2%2Fmedia&parent=324525"}],"wp:term":[{"taxonomy":"category","embeddable":true,"href":"https:\/\/archive.sana.sy\/es\/index.php?rest_route=%2Fwp%2Fv2%2Fcategories&post=324525"},{"taxonomy":"post_tag","embeddable":true,"href":"https:\/\/archive.sana.sy\/es\/index.php?rest_route=%2Fwp%2Fv2%2Ftags&post=324525"}],"curies":[{"name":"wp","href":"https:\/\/api.w.org\/{rel}","templated":true}]}}