{"id":324544,"date":"2024-03-13T16:23:22","date_gmt":"2024-03-13T13:23:22","guid":{"rendered":"https:\/\/sana.sy\/es\/?p=324544"},"modified":"2024-03-13T16:51:32","modified_gmt":"2024-03-13T13:51:32","slug":"israel-destruyo-12-museos-y-asesino-a-45-escritores-y-artistas-palestinos-en-gaza","status":"publish","type":"post","link":"https:\/\/archive.sana.sy\/es\/?p=324544","title":{"rendered":"Israel destruy\u00f3 12 museos y asesin\u00f3 a 45 escritores y artistas palestinos en Gaza"},"content":{"rendered":"<p style=\"text-align: justify;\"><span style=\"color: #800000;\"><strong>Jerusal\u00e9n ocupada, 13 mar (SANA)<\/strong><\/span> El Ministerio de Cultura palestino revel\u00f3 en un informe publicado con motivo del D\u00eda de la Cultura Nacional Palestina, que 45 escritores, artistas y activistas culturales perdieron la vida y m\u00e1s de 200 sitios arqueol\u00f3gicos y patrimoniales han sido destruidos desde el inicio de la agresi\u00f3n israel\u00ed contra Gaza.<\/p>\n<p style=\"text-align: justify;\">Seg\u00fan el informe, la guerra israel\u00ed provoc\u00f3 la destrucci\u00f3n de unos 32 centros e instituciones culturales, 12 museos, 27 murales, 8 editoriales e imprentas, 9 bibliotecas p\u00fablicas, 195 edificios hist\u00f3ricos, 9 sitios arqueol\u00f3gicos y 19 universidades y colegios.<\/p>\n<p style=\"text-align: justify;\">El informe explic\u00f3 que muchas actividades culturales se detuvieron debido a las masacres e Israel no s\u00f3lo est\u00e1 apuntando contra la actividad cultural palestina, sino que tambi\u00e9n est\u00e1 tratando de desmantelar las instituciones culturales.<\/p>\n<p style=\"text-align: justify;\">as\/fm<\/p>\n","protected":false},"excerpt":{"rendered":"<p>Jerusal\u00e9n ocupada, 13 mar (SANA) El Ministerio de Cultura palestino revel\u00f3 en un informe publicado con motivo del D\u00eda de la Cultura Nacional Palestina, que 45 escritores, artistas y activistas culturales perdieron la vida y m\u00e1s de 200 sitios arqueol\u00f3gicos y patrimoniales han sido destruidos desde el inicio de la agresi\u00f3n israel\u00ed contra Gaza. Seg\u00fan &hellip;<\/p>\n","protected":false},"author":42,"featured_media":324545,"comment_status":"closed","ping_status":"closed","sticky":false,"template":"","format":"standard","meta":{"footnotes":""},"categories":[597,456,16687,20724,583],"tags":[],"class_list":["post-324544","post","type-post","status-publish","format-standard","has-post-thumbnail","","category-cinta-de-noticias","category-arabe-internacional-politica","category-internacionales","category-minuto-a-minuto","category-slide"],"_links":{"self":[{"href":"https:\/\/archive.sana.sy\/es\/index.php?rest_route=\/wp\/v2\/posts\/324544"}],"collection":[{"href":"https:\/\/archive.sana.sy\/es\/index.php?rest_route=\/wp\/v2\/posts"}],"about":[{"href":"https:\/\/archive.sana.sy\/es\/index.php?rest_route=\/wp\/v2\/types\/post"}],"author":[{"embeddable":true,"href":"https:\/\/archive.sana.sy\/es\/index.php?rest_route=\/wp\/v2\/users\/42"}],"replies":[{"embeddable":true,"href":"https:\/\/archive.sana.sy\/es\/index.php?rest_route=%2Fwp%2Fv2%2Fcomments&post=324544"}],"version-history":[{"count":1,"href":"https:\/\/archive.sana.sy\/es\/index.php?rest_route=\/wp\/v2\/posts\/324544\/revisions"}],"predecessor-version":[{"id":324546,"href":"https:\/\/archive.sana.sy\/es\/index.php?rest_route=\/wp\/v2\/posts\/324544\/revisions\/324546"}],"wp:featuredmedia":[{"embeddable":true,"href":"https:\/\/archive.sana.sy\/es\/index.php?rest_route=\/wp\/v2\/media\/324545"}],"wp:attachment":[{"href":"https:\/\/archive.sana.sy\/es\/index.php?rest_route=%2Fwp%2Fv2%2Fmedia&parent=324544"}],"wp:term":[{"taxonomy":"category","embeddable":true,"href":"https:\/\/archive.sana.sy\/es\/index.php?rest_route=%2Fwp%2Fv2%2Fcategories&post=324544"},{"taxonomy":"post_tag","embeddable":true,"href":"https:\/\/archive.sana.sy\/es\/index.php?rest_route=%2Fwp%2Fv2%2Ftags&post=324544"}],"curies":[{"name":"wp","href":"https:\/\/api.w.org\/{rel}","templated":true}]}}