{"id":324553,"date":"2024-03-13T18:44:27","date_gmt":"2024-03-13T15:44:27","guid":{"rendered":"https:\/\/sana.sy\/es\/?p=324553"},"modified":"2024-03-13T18:44:27","modified_gmt":"2024-03-13T15:44:27","slug":"siria-y-arabia-saudita-examinan-vias-de-fortalecer-la-coordinacion-en-los-foros-internacionales","status":"publish","type":"post","link":"https:\/\/archive.sana.sy\/es\/?p=324553","title":{"rendered":"Siria y Arabia Saudita examinan v\u00edas de fortalecer la coordinaci\u00f3n en los foros internacionales"},"content":{"rendered":"<p style=\"text-align: justify\"><span style=\"color: #800000\"><strong>Riad, 13 (SANA)<\/strong><\/span> El embajador de Siria en Arabia Saudita, Ayman Sousan, repas\u00f3 con Abdul Rahman Al-Rasi, el jefe del Departamento de Asuntos Internacional del Ministerio de Exteriores, las relaciones fraternales entre los dos pa\u00edses hermanos.<\/p>\n<p style=\"text-align: justify\">Durante el encuentro, que tuvo lugar hoy en la sede de la Canciller\u00eda saudita en Riad, ambas partes destacaron la importancia de fortalecer la coordinaci\u00f3n y la consulta binacional en las instancias internacionales, de manera que sirva a las causas justas de la naci\u00f3n \u00e1rabe, especialmente la causa palestina.<\/p>\n<p style=\"text-align: justify\">En este contexto, fustigaron la pol\u00edtica de doble rasero que aplican algunos pa\u00edses en cuento a la brutal agresi\u00f3n israel\u00ed y la guerra de exterminio contra el pueblo palestino en todos los territorios palestinos ocupados y las flagrantes violaciones del derecho internacional humanitario.<\/p>\n<p style=\"text-align: justify\">la<\/p>\n","protected":false},"excerpt":{"rendered":"<p>Riad, 13 (SANA) El embajador de Siria en Arabia Saudita, Ayman Sousan, repas\u00f3 con Abdul Rahman Al-Rasi, el jefe del Departamento de Asuntos Internacional del Ministerio de Exteriores, las relaciones fraternales entre los dos pa\u00edses hermanos. Durante el encuentro, que tuvo lugar hoy en la sede de la Canciller\u00eda saudita en Riad, ambas partes destacaron &hellip;<\/p>\n","protected":false},"author":24,"featured_media":324554,"comment_status":"closed","ping_status":"closed","sticky":false,"template":"","format":"standard","meta":{"footnotes":""},"categories":[447,597,448,467,7541],"tags":[],"class_list":["post-324553","post","type-post","status-publish","format-standard","has-post-thumbnail","","category-local-politica","category-cinta-de-noticias","category-noticias","category-siria-y-el-mundo","category-ultimas-noticias"],"_links":{"self":[{"href":"https:\/\/archive.sana.sy\/es\/index.php?rest_route=\/wp\/v2\/posts\/324553"}],"collection":[{"href":"https:\/\/archive.sana.sy\/es\/index.php?rest_route=\/wp\/v2\/posts"}],"about":[{"href":"https:\/\/archive.sana.sy\/es\/index.php?rest_route=\/wp\/v2\/types\/post"}],"author":[{"embeddable":true,"href":"https:\/\/archive.sana.sy\/es\/index.php?rest_route=\/wp\/v2\/users\/24"}],"replies":[{"embeddable":true,"href":"https:\/\/archive.sana.sy\/es\/index.php?rest_route=%2Fwp%2Fv2%2Fcomments&post=324553"}],"version-history":[{"count":1,"href":"https:\/\/archive.sana.sy\/es\/index.php?rest_route=\/wp\/v2\/posts\/324553\/revisions"}],"predecessor-version":[{"id":324555,"href":"https:\/\/archive.sana.sy\/es\/index.php?rest_route=\/wp\/v2\/posts\/324553\/revisions\/324555"}],"wp:featuredmedia":[{"embeddable":true,"href":"https:\/\/archive.sana.sy\/es\/index.php?rest_route=\/wp\/v2\/media\/324554"}],"wp:attachment":[{"href":"https:\/\/archive.sana.sy\/es\/index.php?rest_route=%2Fwp%2Fv2%2Fmedia&parent=324553"}],"wp:term":[{"taxonomy":"category","embeddable":true,"href":"https:\/\/archive.sana.sy\/es\/index.php?rest_route=%2Fwp%2Fv2%2Fcategories&post=324553"},{"taxonomy":"post_tag","embeddable":true,"href":"https:\/\/archive.sana.sy\/es\/index.php?rest_route=%2Fwp%2Fv2%2Ftags&post=324553"}],"curies":[{"name":"wp","href":"https:\/\/api.w.org\/{rel}","templated":true}]}}