{"id":324556,"date":"2024-03-13T19:35:37","date_gmt":"2024-03-13T16:35:37","guid":{"rendered":"https:\/\/sana.sy\/es\/?p=324556"},"modified":"2024-03-13T19:40:13","modified_gmt":"2024-03-13T16:40:13","slug":"arquitectos-jovenes-exhiben-sus-proyectos-de-graduacion-en-funcion-de-la-fase-de-reconstruccion-fotos","status":"publish","type":"post","link":"https:\/\/archive.sana.sy\/es\/?p=324556","title":{"rendered":"Arquitectos j\u00f3venes exhiben sus proyectos de graduaci\u00f3n en funci\u00f3n de la fase de reconstrucci\u00f3n (+ fotos)"},"content":{"rendered":"<blockquote>\n<p style=\"text-align: justify\"><span style=\"color: #800000\">Los estudiantes presentan proyectos vitales que el pa\u00eds necesita en varios campos, entre ellos la recuperaci\u00f3n del patrimonio natural, tangible e intangible, y la reconstrucci\u00f3n, asegur\u00f3 la docente.<\/span><\/p>\n<\/blockquote>\n<p style=\"text-align: justify\"><span style=\"color: #800000\"><strong>Damasco, 13 mar (SANA)<\/strong><\/span> Bajo el t\u00edtulo \u201cArquitectura y Reconstrucci\u00f3n\u201d, se inaugur\u00f3 en la Facultad de Arquitectura de la Universidad de Damasco una exposici\u00f3n para los destacados proyectos de graduaci\u00f3n de los estudiantes de las facultades de arquitectura de las universidades de Damasco y Yarmouk, y la universidad rusa de Rostov.<\/p>\n<p style=\"text-align: justify\">La exposici\u00f3n que fue organizada por la Facultad con motivo del centenario de la fundaci\u00f3n de la Universidad de Damasco y cuadrag\u00e9simo aniversario de su fundaci\u00f3n.<\/p>\n<p style=\"text-align: justify\">El ministro de Educaci\u00f3n Superior e Investigaci\u00f3n Cient\u00edfica, Bassam Ibrahim, destac\u00f3 la importancia de tales exposiciones en contribuir a servir la comunidad local, y en apoyar el mercado de trabajo con arquitectos j\u00f3venes.<\/p>\n<p style=\"text-align: justify\">La decana de la Facultad de Arquitectura, Raida Deeb, aclar\u00f3 que se eligieron 60 de 200 proyectos de graduaci\u00f3n de quinto a\u00f1o.<\/p>\n<p style=\"text-align: justify\">Los estudiantes presentan proyectos vitales que el pa\u00eds necesita en varios campos, entre ellos la recuperaci\u00f3n del patrimonio natural, tangible e intangible, y la reconstrucci\u00f3n, asegur\u00f3 la docente.<\/p>\n<p style=\"text-align: justify\">Agreg\u00f3 que estos j\u00f3venes dieron tambi\u00e9n su visi\u00f3n al tema de la reactivaci\u00f3n de algunas funciones de instalaciones y plantas, adem\u00e1s de proyectos arquitect\u00f3nicos que se enfoquen en torres residenciales a la luz de las necesidades del futuro despu\u00e9s del terremoto.<\/p>\n<p style=\"text-align: justify\">A la exposici\u00f3n asistieron los jefes de las misiones diplom\u00e1ticas de Cuba, Venezuela, Brasil, Argentina y Chile, quienes destacaron la importancia del evento y abogaron por lograr un intercambio en la esfera acad\u00e9mica entre sus pa\u00edses y Siria.<\/p>\n<div id='gallery-1' class='gallery galleryid-324556 gallery-columns-1 gallery-size-full'><figure class='gallery-item'>\n\t\t\t<div class='gallery-icon landscape'>\n\t\t\t\t<img loading=\"lazy\" decoding=\"async\" width=\"660\" height=\"440\" src=\"https:\/\/archive.sana.sy\/es\/wp-content\/uploads\/2024\/03\/Arquitectos-jovenes-exhiben-sus-proyectos-de-graduacion-en-funcion-de-la-fase-de-reconstruccion.-1jpg.jpg\" class=\"attachment-full size-full\" alt=\"\" srcset=\"https:\/\/archive.sana.sy\/es\/wp-content\/uploads\/2024\/03\/Arquitectos-jovenes-exhiben-sus-proyectos-de-graduacion-en-funcion-de-la-fase-de-reconstruccion.-1jpg.jpg 660w, https:\/\/archive.sana.sy\/es\/wp-content\/uploads\/2024\/03\/Arquitectos-jovenes-exhiben-sus-proyectos-de-graduacion-en-funcion-de-la-fase-de-reconstruccion.-1jpg-300x200.jpg 300w, https:\/\/archive.sana.sy\/es\/wp-content\/uploads\/2024\/03\/Arquitectos-jovenes-exhiben-sus-proyectos-de-graduacion-en-funcion-de-la-fase-de-reconstruccion.-1jpg-150x100.jpg 150w\" sizes=\"(max-width: 660px) 100vw, 660px\" \/>\n\t\t\t<\/div><\/figure><figure class='gallery-item'>\n\t\t\t<div class='gallery-icon landscape'>\n\t\t\t\t<img loading=\"lazy\" decoding=\"async\" width=\"660\" height=\"440\" src=\"https:\/\/archive.sana.sy\/es\/wp-content\/uploads\/2024\/03\/Arquitectos-jovenes-exhiben-sus-proyectos-de-graduacion-en-funcion-de-la-fase-de-reconstruccion.-2jpg.jpg\" class=\"attachment-full size-full\" alt=\"\" srcset=\"https:\/\/archive.sana.sy\/es\/wp-content\/uploads\/2024\/03\/Arquitectos-jovenes-exhiben-sus-proyectos-de-graduacion-en-funcion-de-la-fase-de-reconstruccion.-2jpg.jpg 660w, https:\/\/archive.sana.sy\/es\/wp-content\/uploads\/2024\/03\/Arquitectos-jovenes-exhiben-sus-proyectos-de-graduacion-en-funcion-de-la-fase-de-reconstruccion.-2jpg-300x200.jpg 300w, https:\/\/archive.sana.sy\/es\/wp-content\/uploads\/2024\/03\/Arquitectos-jovenes-exhiben-sus-proyectos-de-graduacion-en-funcion-de-la-fase-de-reconstruccion.-2jpg-150x100.jpg 150w\" sizes=\"(max-width: 660px) 100vw, 660px\" \/>\n\t\t\t<\/div><\/figure><figure class='gallery-item'>\n\t\t\t<div class='gallery-icon landscape'>\n\t\t\t\t<img loading=\"lazy\" decoding=\"async\" width=\"660\" height=\"412\" src=\"https:\/\/archive.sana.sy\/es\/wp-content\/uploads\/2024\/03\/Arquitectos-jovenes-exhiben-sus-proyectos-de-graduacion-en-funcion-de-la-fase-de-reconstruccion.-3jpg.jpg\" class=\"attachment-full size-full\" alt=\"\" srcset=\"https:\/\/archive.sana.sy\/es\/wp-content\/uploads\/2024\/03\/Arquitectos-jovenes-exhiben-sus-proyectos-de-graduacion-en-funcion-de-la-fase-de-reconstruccion.-3jpg.jpg 660w, https:\/\/archive.sana.sy\/es\/wp-content\/uploads\/2024\/03\/Arquitectos-jovenes-exhiben-sus-proyectos-de-graduacion-en-funcion-de-la-fase-de-reconstruccion.-3jpg-300x187.jpg 300w, https:\/\/archive.sana.sy\/es\/wp-content\/uploads\/2024\/03\/Arquitectos-jovenes-exhiben-sus-proyectos-de-graduacion-en-funcion-de-la-fase-de-reconstruccion.-3jpg-150x94.jpg 150w\" sizes=\"(max-width: 660px) 100vw, 660px\" \/>\n\t\t\t<\/div><\/figure><figure class='gallery-item'>\n\t\t\t<div class='gallery-icon landscape'>\n\t\t\t\t<img loading=\"lazy\" decoding=\"async\" width=\"660\" height=\"423\" src=\"https:\/\/archive.sana.sy\/es\/wp-content\/uploads\/2024\/03\/Arquitectos-jovenes-exhiben-sus-proyectos-de-graduacion-en-funcion-de-la-fase-de-reconstruccion.-4jpg.jpg\" class=\"attachment-full size-full\" alt=\"\" srcset=\"https:\/\/archive.sana.sy\/es\/wp-content\/uploads\/2024\/03\/Arquitectos-jovenes-exhiben-sus-proyectos-de-graduacion-en-funcion-de-la-fase-de-reconstruccion.-4jpg.jpg 660w, https:\/\/archive.sana.sy\/es\/wp-content\/uploads\/2024\/03\/Arquitectos-jovenes-exhiben-sus-proyectos-de-graduacion-en-funcion-de-la-fase-de-reconstruccion.-4jpg-300x192.jpg 300w, https:\/\/archive.sana.sy\/es\/wp-content\/uploads\/2024\/03\/Arquitectos-jovenes-exhiben-sus-proyectos-de-graduacion-en-funcion-de-la-fase-de-reconstruccion.-4jpg-150x96.jpg 150w\" sizes=\"(max-width: 660px) 100vw, 660px\" \/>\n\t\t\t<\/div><\/figure>\n\t\t<\/div>\n\n<p>fm\/la<\/p>\n","protected":false},"excerpt":{"rendered":"<p>Los estudiantes presentan proyectos vitales que el pa\u00eds necesita en varios campos, entre ellos la recuperaci\u00f3n del patrimonio natural, tangible e intangible, y la reconstrucci\u00f3n, asegur\u00f3 la docente. Damasco, 13 mar (SANA) Bajo el t\u00edtulo \u201cArquitectura y Reconstrucci\u00f3n\u201d, se inaugur\u00f3 en la Facultad de Arquitectura de la Universidad de Damasco una exposici\u00f3n para los destacados &hellip;<\/p>\n","protected":false},"author":24,"featured_media":324557,"comment_status":"closed","ping_status":"closed","sticky":false,"template":"","format":"standard","meta":{"footnotes":""},"categories":[447,597,20724,476,448,7541],"tags":[],"class_list":["post-324556","post","type-post","status-publish","format-standard","has-post-thumbnail","","category-local-politica","category-cinta-de-noticias","category-minuto-a-minuto","category-locales","category-noticias","category-ultimas-noticias"],"_links":{"self":[{"href":"https:\/\/archive.sana.sy\/es\/index.php?rest_route=\/wp\/v2\/posts\/324556"}],"collection":[{"href":"https:\/\/archive.sana.sy\/es\/index.php?rest_route=\/wp\/v2\/posts"}],"about":[{"href":"https:\/\/archive.sana.sy\/es\/index.php?rest_route=\/wp\/v2\/types\/post"}],"author":[{"embeddable":true,"href":"https:\/\/archive.sana.sy\/es\/index.php?rest_route=\/wp\/v2\/users\/24"}],"replies":[{"embeddable":true,"href":"https:\/\/archive.sana.sy\/es\/index.php?rest_route=%2Fwp%2Fv2%2Fcomments&post=324556"}],"version-history":[{"count":3,"href":"https:\/\/archive.sana.sy\/es\/index.php?rest_route=\/wp\/v2\/posts\/324556\/revisions"}],"predecessor-version":[{"id":324564,"href":"https:\/\/archive.sana.sy\/es\/index.php?rest_route=\/wp\/v2\/posts\/324556\/revisions\/324564"}],"wp:featuredmedia":[{"embeddable":true,"href":"https:\/\/archive.sana.sy\/es\/index.php?rest_route=\/wp\/v2\/media\/324557"}],"wp:attachment":[{"href":"https:\/\/archive.sana.sy\/es\/index.php?rest_route=%2Fwp%2Fv2%2Fmedia&parent=324556"}],"wp:term":[{"taxonomy":"category","embeddable":true,"href":"https:\/\/archive.sana.sy\/es\/index.php?rest_route=%2Fwp%2Fv2%2Fcategories&post=324556"},{"taxonomy":"post_tag","embeddable":true,"href":"https:\/\/archive.sana.sy\/es\/index.php?rest_route=%2Fwp%2Fv2%2Ftags&post=324556"}],"curies":[{"name":"wp","href":"https:\/\/api.w.org\/{rel}","templated":true}]}}