{"id":324574,"date":"2024-03-14T06:34:45","date_gmt":"2024-03-14T03:34:45","guid":{"rendered":"https:\/\/sana.sy\/es\/?p=324574"},"modified":"2024-03-14T06:35:13","modified_gmt":"2024-03-14T03:35:13","slug":"conversaciones-sirio-argelina-para-fomentar-las-relaciones-bilaterales-en-diversos-ambitos","status":"publish","type":"post","link":"https:\/\/archive.sana.sy\/es\/?p=324574","title":{"rendered":"Conversaciones sirio-argelinas para fomentar relaciones bilaterales en diversos \u00e1mbitos"},"content":{"rendered":"<p style=\"text-align: justify;\"><span style=\"color: #800000;\"><strong>Argelia, 14 mar (SANA)\u00a0<\/strong> <\/span>El primer ministro argelino, Nadhir Al-Arbawi, repas\u00f3 con el embajador de Siria en Argelia, Maher Anan Baddour, las formas para desarrollar y fortalecer las relaciones bilaterales en diversos campos.<\/p>\n<p style=\"text-align: justify;\">\u201cLa reuni\u00f3n sostenida en la sede del Palacio de Gobierno de la capital argelina, represent\u00f3 una oportunidad para examinar la realidad y las perspectivas de las relaciones bilaterales entre los dos pa\u00edses, y los desarrollos de la situaci\u00f3n en la regi\u00f3n, especialmente la actual agresi\u00f3n israel\u00ed contra el pueblo palestino en Gaza\u201d, afirm\u00f3 la Presidencia del Gobierno argelino por medio de un comunicado.<\/p>\n<p style=\"text-align: justify;\">El embajador sirio elogi\u00f3 las posiciones honorables de Argelia bajo el liderazgo del presidente Abdelmadjid Tebboune y su compromiso permanente en la defensa de las cuestiones \u00e1rabes, as\u00ed como sus nobles posiciones en apoyo a Siria ante los intentos destinados a socavar su estabilidad.<\/p>\n<p style=\"text-align: justify;\">fm<\/p>\n","protected":false},"excerpt":{"rendered":"<p>Argelia, 14 mar (SANA)\u00a0 El primer ministro argelino, Nadhir Al-Arbawi, repas\u00f3 con el embajador de Siria en Argelia, Maher Anan Baddour, las formas para desarrollar y fortalecer las relaciones bilaterales en diversos campos. \u201cLa reuni\u00f3n sostenida en la sede del Palacio de Gobierno de la capital argelina, represent\u00f3 una oportunidad para examinar la realidad y &hellip;<\/p>\n","protected":false},"author":34,"featured_media":324575,"comment_status":"closed","ping_status":"closed","sticky":false,"template":"","format":"standard","meta":{"footnotes":""},"categories":[447,597,467,7541],"tags":[],"class_list":["post-324574","post","type-post","status-publish","format-standard","has-post-thumbnail","","category-local-politica","category-cinta-de-noticias","category-siria-y-el-mundo","category-ultimas-noticias"],"_links":{"self":[{"href":"https:\/\/archive.sana.sy\/es\/index.php?rest_route=\/wp\/v2\/posts\/324574"}],"collection":[{"href":"https:\/\/archive.sana.sy\/es\/index.php?rest_route=\/wp\/v2\/posts"}],"about":[{"href":"https:\/\/archive.sana.sy\/es\/index.php?rest_route=\/wp\/v2\/types\/post"}],"author":[{"embeddable":true,"href":"https:\/\/archive.sana.sy\/es\/index.php?rest_route=\/wp\/v2\/users\/34"}],"replies":[{"embeddable":true,"href":"https:\/\/archive.sana.sy\/es\/index.php?rest_route=%2Fwp%2Fv2%2Fcomments&post=324574"}],"version-history":[{"count":2,"href":"https:\/\/archive.sana.sy\/es\/index.php?rest_route=\/wp\/v2\/posts\/324574\/revisions"}],"predecessor-version":[{"id":324577,"href":"https:\/\/archive.sana.sy\/es\/index.php?rest_route=\/wp\/v2\/posts\/324574\/revisions\/324577"}],"wp:featuredmedia":[{"embeddable":true,"href":"https:\/\/archive.sana.sy\/es\/index.php?rest_route=\/wp\/v2\/media\/324575"}],"wp:attachment":[{"href":"https:\/\/archive.sana.sy\/es\/index.php?rest_route=%2Fwp%2Fv2%2Fmedia&parent=324574"}],"wp:term":[{"taxonomy":"category","embeddable":true,"href":"https:\/\/archive.sana.sy\/es\/index.php?rest_route=%2Fwp%2Fv2%2Fcategories&post=324574"},{"taxonomy":"post_tag","embeddable":true,"href":"https:\/\/archive.sana.sy\/es\/index.php?rest_route=%2Fwp%2Fv2%2Ftags&post=324574"}],"curies":[{"name":"wp","href":"https:\/\/api.w.org\/{rel}","templated":true}]}}