{"id":324625,"date":"2024-03-14T15:25:30","date_gmt":"2024-03-14T12:25:30","guid":{"rendered":"https:\/\/sana.sy\/es\/?p=324625"},"modified":"2024-03-14T18:11:56","modified_gmt":"2024-03-14T15:11:56","slug":"canciller-sirio-inicia-visita-oficial-a-arabia-saudita","status":"publish","type":"post","link":"https:\/\/archive.sana.sy\/es\/?p=324625","title":{"rendered":"Canciller sirio inicia visita oficial a Arabia Saudita"},"content":{"rendered":"<p style=\"text-align: justify;\"><span style=\"color: #800000;\"><strong>Riad, 14 mar (SANA)<\/strong> <\/span>El ministro de Asuntos Exteriores y Expatriados, Faisal Al-Mekdad, lleg\u00f3 hoy a Riad, la capital saudita, donde fue recibido por el pr\u00edncipe Faisal bin Farhan bin Abdullah, el ministro de Asuntos Exteriores del reino.<\/p>\n<p style=\"text-align: justify;\">Al-Mekdad destac\u00f3 la necesidad de impulsar las relaciones entre los dos pa\u00edses hermanos en varios niveles, de una manera que sirva a los intereses de las dos naciones y sus pueblos.<\/p>\n<p style=\"text-align: justify;\">Adem\u00e1s, el canciller sirio enfatiz\u00f3 la importancia de la coordinaci\u00f3n y la consulta con el fin de fortalecer la acci\u00f3n \u00e1rabe conjunta y la cooperaci\u00f3n para encontrar soluciones a los desaf\u00edos que enfrenta la regi\u00f3n, especialmente en Gaza y los dem\u00e1s territorios palestinos ocupados cuya poblaci\u00f3n enfrenta un genocidio, asedio asfixiante, hambruna y desplazamientos masivos por parte del ocupante israel\u00ed.<\/p>\n<p style=\"text-align: justify;\">Asimismo, ambos ministros abordaron los esfuerzos realizados por Siria para dar seguimiento al trabajo del Comit\u00e9 de Enlace \u00c1rabe sobre Siria, as\u00ed como la preparaci\u00f3n para la pr\u00f3xima reuni\u00f3n del mencionado comit\u00e9, que se celebrar\u00e1 en Bagdad.<\/p>\n<p style=\"text-align: justify;\">fm\/ed\/sm<\/p>\n","protected":false},"excerpt":{"rendered":"<p>Riad, 14 mar (SANA) El ministro de Asuntos Exteriores y Expatriados, Faisal Al-Mekdad, lleg\u00f3 hoy a Riad, la capital saudita, donde fue recibido por el pr\u00edncipe Faisal bin Farhan bin Abdullah, el ministro de Asuntos Exteriores del reino. Al-Mekdad destac\u00f3 la necesidad de impulsar las relaciones entre los dos pa\u00edses hermanos en varios niveles, de &hellip;<\/p>\n","protected":false},"author":32,"featured_media":324626,"comment_status":"closed","ping_status":"closed","sticky":false,"template":"","format":"standard","meta":{"footnotes":""},"categories":[447,597,20724,467,583],"tags":[],"class_list":["post-324625","post","type-post","status-publish","format-standard","has-post-thumbnail","","category-local-politica","category-cinta-de-noticias","category-minuto-a-minuto","category-siria-y-el-mundo","category-slide"],"_links":{"self":[{"href":"https:\/\/archive.sana.sy\/es\/index.php?rest_route=\/wp\/v2\/posts\/324625"}],"collection":[{"href":"https:\/\/archive.sana.sy\/es\/index.php?rest_route=\/wp\/v2\/posts"}],"about":[{"href":"https:\/\/archive.sana.sy\/es\/index.php?rest_route=\/wp\/v2\/types\/post"}],"author":[{"embeddable":true,"href":"https:\/\/archive.sana.sy\/es\/index.php?rest_route=\/wp\/v2\/users\/32"}],"replies":[{"embeddable":true,"href":"https:\/\/archive.sana.sy\/es\/index.php?rest_route=%2Fwp%2Fv2%2Fcomments&post=324625"}],"version-history":[{"count":6,"href":"https:\/\/archive.sana.sy\/es\/index.php?rest_route=\/wp\/v2\/posts\/324625\/revisions"}],"predecessor-version":[{"id":324635,"href":"https:\/\/archive.sana.sy\/es\/index.php?rest_route=\/wp\/v2\/posts\/324625\/revisions\/324635"}],"wp:featuredmedia":[{"embeddable":true,"href":"https:\/\/archive.sana.sy\/es\/index.php?rest_route=\/wp\/v2\/media\/324626"}],"wp:attachment":[{"href":"https:\/\/archive.sana.sy\/es\/index.php?rest_route=%2Fwp%2Fv2%2Fmedia&parent=324625"}],"wp:term":[{"taxonomy":"category","embeddable":true,"href":"https:\/\/archive.sana.sy\/es\/index.php?rest_route=%2Fwp%2Fv2%2Fcategories&post=324625"},{"taxonomy":"post_tag","embeddable":true,"href":"https:\/\/archive.sana.sy\/es\/index.php?rest_route=%2Fwp%2Fv2%2Ftags&post=324625"}],"curies":[{"name":"wp","href":"https:\/\/api.w.org\/{rel}","templated":true}]}}