{"id":324636,"date":"2024-03-14T18:31:08","date_gmt":"2024-03-14T15:31:08","guid":{"rendered":"https:\/\/sana.sy\/es\/?p=324636"},"modified":"2024-03-14T18:31:08","modified_gmt":"2024-03-14T15:31:08","slug":"la-otan-representa-la-principal-amenaza-a-la-paz-mundial-confirma-politico-checo","status":"publish","type":"post","link":"https:\/\/archive.sana.sy\/es\/?p=324636","title":{"rendered":"La OTAN representa la principal amenaza a la paz mundial, confirma pol\u00edtico checo"},"content":{"rendered":"<p style=\"text-align: justify;\"><span style=\"color: #800000;\"><strong>Praga, 14 mar (SANA)\u00a0<\/strong><\/span> El l\u00edder del Movimiento Checo por la Paz y vicepresidente del Partido Comunista Checo de Moravia, Milan Krajica, confirm\u00f3 que la OTAN representa la principal amenaza a la paz, no s\u00f3lo en Europa sino en el mundo entero.<\/p>\n<p style=\"text-align: justify;\">\u201cLa OTAN bombarde\u00f3 criminalmente Yugoslavia y es responsable de las recientes guerras en Siria, Afganist\u00e1n, Irak, Libia y Ucrania\u201d, escribi\u00f3 el pol\u00edtico europeo en su web en las redes sociales.<\/p>\n<p style=\"text-align: justify;\">Krajica consider\u00f3 que la referida Alianza representa tambi\u00e9n la mayor amenaza a la seguridad de la Rep\u00fablica Checa porque Praga participa en sus agresioes.<\/p>\n<p style=\"text-align: justify;\">Asimismo, llam\u00f3 a poner fin a las operaciones de ocupaci\u00f3n llevadas a cabo por algunos pa\u00edses de la OTAN, que contradicen el Derecho Internacional y la Carta de las Naciones Unidas.<\/p>\n<p style=\"text-align: justify;\">sm<\/p>\n","protected":false},"excerpt":{"rendered":"<p>Praga, 14 mar (SANA)\u00a0 El l\u00edder del Movimiento Checo por la Paz y vicepresidente del Partido Comunista Checo de Moravia, Milan Krajica, confirm\u00f3 que la OTAN representa la principal amenaza a la paz, no s\u00f3lo en Europa sino en el mundo entero. \u201cLa OTAN bombarde\u00f3 criminalmente Yugoslavia y es responsable de las recientes guerras en &hellip;<\/p>\n","protected":false},"author":39,"featured_media":324637,"comment_status":"closed","ping_status":"closed","sticky":false,"template":"","format":"standard","meta":{"footnotes":""},"categories":[597,456,16687,20724,7541],"tags":[],"class_list":["post-324636","post","type-post","status-publish","format-standard","has-post-thumbnail","","category-cinta-de-noticias","category-arabe-internacional-politica","category-internacionales","category-minuto-a-minuto","category-ultimas-noticias"],"_links":{"self":[{"href":"https:\/\/archive.sana.sy\/es\/index.php?rest_route=\/wp\/v2\/posts\/324636"}],"collection":[{"href":"https:\/\/archive.sana.sy\/es\/index.php?rest_route=\/wp\/v2\/posts"}],"about":[{"href":"https:\/\/archive.sana.sy\/es\/index.php?rest_route=\/wp\/v2\/types\/post"}],"author":[{"embeddable":true,"href":"https:\/\/archive.sana.sy\/es\/index.php?rest_route=\/wp\/v2\/users\/39"}],"replies":[{"embeddable":true,"href":"https:\/\/archive.sana.sy\/es\/index.php?rest_route=%2Fwp%2Fv2%2Fcomments&post=324636"}],"version-history":[{"count":1,"href":"https:\/\/archive.sana.sy\/es\/index.php?rest_route=\/wp\/v2\/posts\/324636\/revisions"}],"predecessor-version":[{"id":324638,"href":"https:\/\/archive.sana.sy\/es\/index.php?rest_route=\/wp\/v2\/posts\/324636\/revisions\/324638"}],"wp:featuredmedia":[{"embeddable":true,"href":"https:\/\/archive.sana.sy\/es\/index.php?rest_route=\/wp\/v2\/media\/324637"}],"wp:attachment":[{"href":"https:\/\/archive.sana.sy\/es\/index.php?rest_route=%2Fwp%2Fv2%2Fmedia&parent=324636"}],"wp:term":[{"taxonomy":"category","embeddable":true,"href":"https:\/\/archive.sana.sy\/es\/index.php?rest_route=%2Fwp%2Fv2%2Fcategories&post=324636"},{"taxonomy":"post_tag","embeddable":true,"href":"https:\/\/archive.sana.sy\/es\/index.php?rest_route=%2Fwp%2Fv2%2Ftags&post=324636"}],"curies":[{"name":"wp","href":"https:\/\/api.w.org\/{rel}","templated":true}]}}