{"id":324667,"date":"2024-03-15T11:54:00","date_gmt":"2024-03-15T08:54:00","guid":{"rendered":"https:\/\/sana.sy\/es\/?p=324667"},"modified":"2024-03-15T11:59:12","modified_gmt":"2024-03-15T08:59:12","slug":"china-desvela-hipocresia-y-doble-rasero-de-eeuu-respecto-a-la-libertad-de-expresion","status":"publish","type":"post","link":"https:\/\/archive.sana.sy\/es\/?p=324667","title":{"rendered":"China desvela hipocres\u00eda y doble rasero de EEUU respecto a la libertad de expresi\u00f3n"},"content":{"rendered":"<p style=\"text-align: justify;\"><span style=\"color: #800000;\"><strong>Beijing, 15 mar (SANA)<\/strong> <\/span>El Ministerio chino de Relaciones Extreiores public\u00f3 un informe sobre la verdad de la libertad de expresi\u00f3n en Estados Unidos y ejemplific\u00f3 el doble rasero que hoy muestra ese pa\u00eds respecto a este tema.<\/p>\n<p style=\"text-align: justify;\">El documento arroja luz sobre las pr\u00e1cticas contradictorias que caracterizan esta noci\u00f3n y se\u00f1ala que esa naci\u00f3n encubre sus manipulaciones pol\u00edticas y las injusticias sociales bajo este manto.<\/p>\n<p style=\"text-align: justify;\">A nivel nacional, el texto destaca c\u00f3mo las batallas pol\u00edticas en Estados Unidos minaron la libertad de expresi\u00f3n, mientras que la interferencia en la prensa y las restricciones en las redes sociales exacerbaron esta situaci\u00f3n.<\/p>\n<p style=\"text-align: justify;\">Desde el punto de vista mundial, Washington busca imponer su voluntad a trav\u00e9s de la hegemon\u00eda y la intimidaci\u00f3n, obstruye los esfuerzos de democratizaci\u00f3n en las relaciones internacionales y desacredita a otros pa\u00edses.<\/p>\n<p style=\"text-align: justify;\">Para ejemplificar estas afirmaciones el informe cita la encuesta nacional de The New York Times y Siena College de 2022 que revel\u00f3 que el 66 por ciento de los encuestados no cre\u00edan que los estadounidenses disfrutaran de la libertad de expresi\u00f3n.<\/p>\n<p style=\"text-align: justify;\">fm<\/p>\n","protected":false},"excerpt":{"rendered":"<p>Beijing, 15 mar (SANA) El Ministerio chino de Relaciones Extreiores public\u00f3 un informe sobre la verdad de la libertad de expresi\u00f3n en Estados Unidos y ejemplific\u00f3 el doble rasero que hoy muestra ese pa\u00eds respecto a este tema. El documento arroja luz sobre las pr\u00e1cticas contradictorias que caracterizan esta noci\u00f3n y se\u00f1ala que esa naci\u00f3n &hellip;<\/p>\n","protected":false},"author":34,"featured_media":324668,"comment_status":"closed","ping_status":"closed","sticky":false,"template":"","format":"standard","meta":{"footnotes":""},"categories":[597,456,20724,7541],"tags":[],"class_list":["post-324667","post","type-post","status-publish","format-standard","has-post-thumbnail","","category-cinta-de-noticias","category-arabe-internacional-politica","category-minuto-a-minuto","category-ultimas-noticias"],"_links":{"self":[{"href":"https:\/\/archive.sana.sy\/es\/index.php?rest_route=\/wp\/v2\/posts\/324667"}],"collection":[{"href":"https:\/\/archive.sana.sy\/es\/index.php?rest_route=\/wp\/v2\/posts"}],"about":[{"href":"https:\/\/archive.sana.sy\/es\/index.php?rest_route=\/wp\/v2\/types\/post"}],"author":[{"embeddable":true,"href":"https:\/\/archive.sana.sy\/es\/index.php?rest_route=\/wp\/v2\/users\/34"}],"replies":[{"embeddable":true,"href":"https:\/\/archive.sana.sy\/es\/index.php?rest_route=%2Fwp%2Fv2%2Fcomments&post=324667"}],"version-history":[{"count":2,"href":"https:\/\/archive.sana.sy\/es\/index.php?rest_route=\/wp\/v2\/posts\/324667\/revisions"}],"predecessor-version":[{"id":324670,"href":"https:\/\/archive.sana.sy\/es\/index.php?rest_route=\/wp\/v2\/posts\/324667\/revisions\/324670"}],"wp:featuredmedia":[{"embeddable":true,"href":"https:\/\/archive.sana.sy\/es\/index.php?rest_route=\/wp\/v2\/media\/324668"}],"wp:attachment":[{"href":"https:\/\/archive.sana.sy\/es\/index.php?rest_route=%2Fwp%2Fv2%2Fmedia&parent=324667"}],"wp:term":[{"taxonomy":"category","embeddable":true,"href":"https:\/\/archive.sana.sy\/es\/index.php?rest_route=%2Fwp%2Fv2%2Fcategories&post=324667"},{"taxonomy":"post_tag","embeddable":true,"href":"https:\/\/archive.sana.sy\/es\/index.php?rest_route=%2Fwp%2Fv2%2Ftags&post=324667"}],"curies":[{"name":"wp","href":"https:\/\/api.w.org\/{rel}","templated":true}]}}