{"id":324679,"date":"2024-03-15T14:09:02","date_gmt":"2024-03-15T11:09:02","guid":{"rendered":"https:\/\/sana.sy\/es\/?p=324679"},"modified":"2024-03-15T16:25:11","modified_gmt":"2024-03-15T13:25:11","slug":"israel-reanuda-sus-agresiones-contra-localidades-libanesas","status":"publish","type":"post","link":"https:\/\/archive.sana.sy\/es\/?p=324679","title":{"rendered":"\u201cIsrael\u201d reanuda sus agresiones contra localidades libanesas"},"content":{"rendered":"<p style=\"text-align: justify;\"><span style=\"color: #800000;\"><strong>Beirut, 15 mar (SANA) <\/strong><\/span>Las tropas del ocupante israel\u00ed reanudaron sus ataques a\u00e9reos y de artiller\u00eda contra aldeas y ciudades del sur del L\u00edbano.<\/p>\n<p style=\"text-align: justify;\">La Agencia Nacional de Noticias inform\u00f3 que, alrededor de las 22.00 horas de ayer, aviones de combate enemigos atacaron el monte Labouneh y las afueras de la ciudad de Naqoura, y se produjeron incendios en la referida monta\u00f1a.<\/p>\n<p style=\"text-align: justify;\">Adem\u00e1s, la artiller\u00eda del ocupante sionista bombarde\u00f3 las aldeas de Alma Al-Shaab, Tayr Harfa, Al-Dhahira y Al-Labouneh.<\/p>\n<p style=\"text-align: justify;\">Asimismo, hasta esta ma\u00f1ana, el enemigo israel\u00ed dispar\u00f3 bengalas sobre las aldeas fronterizas adyacentes a la L\u00ednea Azul, as\u00ed como aviones de reconocimiento israel\u00edes sobrevolaron las aldeas de los sectores occidental y central, llegando a las afueras de la ciudad de Tiro.<\/p>\n<p style=\"text-align: justify;\">sm<\/p>\n<p style=\"text-align: justify;\">\n","protected":false},"excerpt":{"rendered":"<p>Beirut, 15 mar (SANA) Las tropas del ocupante israel\u00ed reanudaron sus ataques a\u00e9reos y de artiller\u00eda contra aldeas y ciudades del sur del L\u00edbano. La Agencia Nacional de Noticias inform\u00f3 que, alrededor de las 22.00 horas de ayer, aviones de combate enemigos atacaron el monte Labouneh y las afueras de la ciudad de Naqoura, y &hellip;<\/p>\n","protected":false},"author":39,"featured_media":324680,"comment_status":"closed","ping_status":"closed","sticky":false,"template":"","format":"standard","meta":{"footnotes":""},"categories":[597,456,16687,7541],"tags":[],"class_list":["post-324679","post","type-post","status-publish","format-standard","has-post-thumbnail","","category-cinta-de-noticias","category-arabe-internacional-politica","category-internacionales","category-ultimas-noticias"],"_links":{"self":[{"href":"https:\/\/archive.sana.sy\/es\/index.php?rest_route=\/wp\/v2\/posts\/324679"}],"collection":[{"href":"https:\/\/archive.sana.sy\/es\/index.php?rest_route=\/wp\/v2\/posts"}],"about":[{"href":"https:\/\/archive.sana.sy\/es\/index.php?rest_route=\/wp\/v2\/types\/post"}],"author":[{"embeddable":true,"href":"https:\/\/archive.sana.sy\/es\/index.php?rest_route=\/wp\/v2\/users\/39"}],"replies":[{"embeddable":true,"href":"https:\/\/archive.sana.sy\/es\/index.php?rest_route=%2Fwp%2Fv2%2Fcomments&post=324679"}],"version-history":[{"count":1,"href":"https:\/\/archive.sana.sy\/es\/index.php?rest_route=\/wp\/v2\/posts\/324679\/revisions"}],"predecessor-version":[{"id":324681,"href":"https:\/\/archive.sana.sy\/es\/index.php?rest_route=\/wp\/v2\/posts\/324679\/revisions\/324681"}],"wp:featuredmedia":[{"embeddable":true,"href":"https:\/\/archive.sana.sy\/es\/index.php?rest_route=\/wp\/v2\/media\/324680"}],"wp:attachment":[{"href":"https:\/\/archive.sana.sy\/es\/index.php?rest_route=%2Fwp%2Fv2%2Fmedia&parent=324679"}],"wp:term":[{"taxonomy":"category","embeddable":true,"href":"https:\/\/archive.sana.sy\/es\/index.php?rest_route=%2Fwp%2Fv2%2Fcategories&post=324679"},{"taxonomy":"post_tag","embeddable":true,"href":"https:\/\/archive.sana.sy\/es\/index.php?rest_route=%2Fwp%2Fv2%2Ftags&post=324679"}],"curies":[{"name":"wp","href":"https:\/\/api.w.org\/{rel}","templated":true}]}}