{"id":324685,"date":"2024-03-15T14:33:55","date_gmt":"2024-03-15T11:33:55","guid":{"rendered":"https:\/\/sana.sy\/es\/?p=324685"},"modified":"2024-03-15T16:24:57","modified_gmt":"2024-03-15T13:24:57","slug":"muertos-y-heridos-en-el-dia-161-de-la-agresion-israeli-contra-gaza","status":"publish","type":"post","link":"https:\/\/archive.sana.sy\/es\/?p=324685","title":{"rendered":"Muertos y heridos en el d\u00eda 161 de la agresi\u00f3n israel\u00ed contra Gaza"},"content":{"rendered":"<p style=\"text-align: justify;\"><span style=\"color: #800000;\"><strong>Jerusal\u00e9n ocupada, 15 mar (SANA)<\/strong><\/span> Decenas de palestinos perdieron la vida en el 161 d\u00eda de la guerra genocida del ocupante israel\u00ed contra la Franja de Gaza.<\/p>\n<p style=\"text-align: justify;\">La agencia palestina Wafa inform\u00f3 que cuatro palestinos murieron en bombardeo a\u00e9reo israel\u00ed contra una casa en Khan Yunis, al sur de la Franja de Gaza.<\/p>\n<p style=\"text-align: justify;\">Asimismo, la artiller\u00eda del ocupante bombarde\u00f3 el este de la ciudad de Deir Al-Balah en el centro de la Franja de Gaza.<\/p>\n<p style=\"text-align: justify;\">Por otro lado, tres palestinos perecieron y otros resultaron heridos en un bombardeo de aviones no tripulados del ocupante contra un grupo de palestinos que esperaban la ayuda humanitaria al oeste de la ciudad de Gaza.<\/p>\n<p style=\"text-align: justify;\">Otros tambi\u00e9n resultaron heridos en un ataque sionista contra el barrio de Al-Zaitoun, al sur de la ciudad.<\/p>\n<p style=\"text-align: justify;\">fm\/sm<\/p>\n","protected":false},"excerpt":{"rendered":"<p>Jerusal\u00e9n ocupada, 15 mar (SANA) Decenas de palestinos perdieron la vida en el 161 d\u00eda de la guerra genocida del ocupante israel\u00ed contra la Franja de Gaza. La agencia palestina Wafa inform\u00f3 que cuatro palestinos murieron en bombardeo a\u00e9reo israel\u00ed contra una casa en Khan Yunis, al sur de la Franja de Gaza. Asimismo, la &hellip;<\/p>\n","protected":false},"author":39,"featured_media":324686,"comment_status":"closed","ping_status":"closed","sticky":false,"template":"","format":"standard","meta":{"footnotes":""},"categories":[597,456,16687,20724,7541],"tags":[],"class_list":["post-324685","post","type-post","status-publish","format-standard","has-post-thumbnail","","category-cinta-de-noticias","category-arabe-internacional-politica","category-internacionales","category-minuto-a-minuto","category-ultimas-noticias"],"_links":{"self":[{"href":"https:\/\/archive.sana.sy\/es\/index.php?rest_route=\/wp\/v2\/posts\/324685"}],"collection":[{"href":"https:\/\/archive.sana.sy\/es\/index.php?rest_route=\/wp\/v2\/posts"}],"about":[{"href":"https:\/\/archive.sana.sy\/es\/index.php?rest_route=\/wp\/v2\/types\/post"}],"author":[{"embeddable":true,"href":"https:\/\/archive.sana.sy\/es\/index.php?rest_route=\/wp\/v2\/users\/39"}],"replies":[{"embeddable":true,"href":"https:\/\/archive.sana.sy\/es\/index.php?rest_route=%2Fwp%2Fv2%2Fcomments&post=324685"}],"version-history":[{"count":2,"href":"https:\/\/archive.sana.sy\/es\/index.php?rest_route=\/wp\/v2\/posts\/324685\/revisions"}],"predecessor-version":[{"id":324694,"href":"https:\/\/archive.sana.sy\/es\/index.php?rest_route=\/wp\/v2\/posts\/324685\/revisions\/324694"}],"wp:featuredmedia":[{"embeddable":true,"href":"https:\/\/archive.sana.sy\/es\/index.php?rest_route=\/wp\/v2\/media\/324686"}],"wp:attachment":[{"href":"https:\/\/archive.sana.sy\/es\/index.php?rest_route=%2Fwp%2Fv2%2Fmedia&parent=324685"}],"wp:term":[{"taxonomy":"category","embeddable":true,"href":"https:\/\/archive.sana.sy\/es\/index.php?rest_route=%2Fwp%2Fv2%2Fcategories&post=324685"},{"taxonomy":"post_tag","embeddable":true,"href":"https:\/\/archive.sana.sy\/es\/index.php?rest_route=%2Fwp%2Fv2%2Ftags&post=324685"}],"curies":[{"name":"wp","href":"https:\/\/api.w.org\/{rel}","templated":true}]}}