{"id":324688,"date":"2024-03-15T15:15:18","date_gmt":"2024-03-15T12:15:18","guid":{"rendered":"https:\/\/sana.sy\/es\/?p=324688"},"modified":"2024-03-15T15:15:18","modified_gmt":"2024-03-15T12:15:18","slug":"los-residentes-de-donetsk-luhansk-jerson-y-zaporozhye-participan-por-primera-vez-en-las-elecciones-presidenciales-rusas","status":"publish","type":"post","link":"https:\/\/archive.sana.sy\/es\/?p=324688","title":{"rendered":"Los residentes de Donetsk, Luhansk, Jers\u00f3n y Zaporozhye participan por primera vez en las elecciones presidenciales rusas"},"content":{"rendered":"<p style=\"text-align: justify;\"><span style=\"color: #800000;\"><strong>Mosc\u00fa, 15 mar (SANA)<\/strong> <\/span>Los ciudadanos de las Rep\u00fablicas Populares de Donetsk y Lugansk y de las provincias de Jers\u00f3n y Zaporozhye, que se incorporaron a Rusia en 2022, comenzaron esta ma\u00f1ana a participar por primera vez en las votaciones en las elecciones presidenciales rusas que duran tres d\u00edas.<\/p>\n<p style=\"text-align: justify;\">El gobernador de la provincia de Jers\u00f3n, Vladimir Saldo, dijo en su canal Telegram despu\u00e9s de emitir su voto en un centro electoral de la provincia: \u201cHa llegado el momento hist\u00f3rico y los colegios electorales para las elecciones presidenciales rusas han abierto sus puertas en Jers\u00f3n\u201d.<\/p>\n<p style=\"text-align: justify;\">A su vez, el presidente de la Rep\u00fablica de Donetsk, Denis Pushilin, vot\u00f3 y escribi\u00f3 en su canal de Telegram: &#8220;Los residentes de la Rep\u00fablica participan por primera vez en las elecciones para elegir al presidente de nuestro pa\u00eds. Todos est\u00e1bamos esperando este d\u00eda.&#8221;<\/p>\n<p style=\"text-align: justify;\">Asimismo, el presidente de la Rep\u00fablica de Lugansk, Leonid Pastechnyk, emiti\u00f3 su voto en las elecciones, al igual que el presidente de la Rep\u00fablica de Crimea, Sergei Aksenov, en uno de los colegios electorales de la pen\u00ednsula.<\/p>\n<p style=\"text-align: justify;\">Cabe destacar que las provincias de Jers\u00f3n y Zaporozhye y las rep\u00fablicas de Donetsk y Lugansk se unieron a Rusia en septiembre de 2022 tras un refer\u00e9ndum general en el que la abrumadora mayor\u00eda vot\u00f3 a favor de retornar a Rusia.<\/p>\n<p style=\"text-align: justify;\">sm<\/p>\n","protected":false},"excerpt":{"rendered":"<p>Mosc\u00fa, 15 mar (SANA) Los ciudadanos de las Rep\u00fablicas Populares de Donetsk y Lugansk y de las provincias de Jers\u00f3n y Zaporozhye, que se incorporaron a Rusia en 2022, comenzaron esta ma\u00f1ana a participar por primera vez en las votaciones en las elecciones presidenciales rusas que duran tres d\u00edas. El gobernador de la provincia de &hellip;<\/p>\n","protected":false},"author":39,"featured_media":324689,"comment_status":"closed","ping_status":"closed","sticky":false,"template":"","format":"standard","meta":{"footnotes":""},"categories":[597,456,16687,20724,7541],"tags":[],"class_list":["post-324688","post","type-post","status-publish","format-standard","has-post-thumbnail","","category-cinta-de-noticias","category-arabe-internacional-politica","category-internacionales","category-minuto-a-minuto","category-ultimas-noticias"],"_links":{"self":[{"href":"https:\/\/archive.sana.sy\/es\/index.php?rest_route=\/wp\/v2\/posts\/324688"}],"collection":[{"href":"https:\/\/archive.sana.sy\/es\/index.php?rest_route=\/wp\/v2\/posts"}],"about":[{"href":"https:\/\/archive.sana.sy\/es\/index.php?rest_route=\/wp\/v2\/types\/post"}],"author":[{"embeddable":true,"href":"https:\/\/archive.sana.sy\/es\/index.php?rest_route=\/wp\/v2\/users\/39"}],"replies":[{"embeddable":true,"href":"https:\/\/archive.sana.sy\/es\/index.php?rest_route=%2Fwp%2Fv2%2Fcomments&post=324688"}],"version-history":[{"count":1,"href":"https:\/\/archive.sana.sy\/es\/index.php?rest_route=\/wp\/v2\/posts\/324688\/revisions"}],"predecessor-version":[{"id":324690,"href":"https:\/\/archive.sana.sy\/es\/index.php?rest_route=\/wp\/v2\/posts\/324688\/revisions\/324690"}],"wp:featuredmedia":[{"embeddable":true,"href":"https:\/\/archive.sana.sy\/es\/index.php?rest_route=\/wp\/v2\/media\/324689"}],"wp:attachment":[{"href":"https:\/\/archive.sana.sy\/es\/index.php?rest_route=%2Fwp%2Fv2%2Fmedia&parent=324688"}],"wp:term":[{"taxonomy":"category","embeddable":true,"href":"https:\/\/archive.sana.sy\/es\/index.php?rest_route=%2Fwp%2Fv2%2Fcategories&post=324688"},{"taxonomy":"post_tag","embeddable":true,"href":"https:\/\/archive.sana.sy\/es\/index.php?rest_route=%2Fwp%2Fv2%2Ftags&post=324688"}],"curies":[{"name":"wp","href":"https:\/\/api.w.org\/{rel}","templated":true}]}}