{"id":32472,"date":"2015-10-28T22:40:03","date_gmt":"2015-10-28T19:40:03","guid":{"rendered":"http:\/\/sana.sy\/es\/?p=32472"},"modified":"2015-10-29T18:51:08","modified_gmt":"2015-10-29T15:51:08","slug":"parlamentarios-rusos-la-reunion-con-el-presidente-al-assad-ha-sido-de-gran-importancia","status":"publish","type":"post","link":"https:\/\/archive.sana.sy\/es\/?p=32472","title":{"rendered":"Parlamentarios rusos: la reuni\u00f3n con el presidente Al-Assad ha sido de gran importancia"},"content":{"rendered":"<p style=\"text-align: justify\"><span style=\"color: #800000\">Mosc\u00fa, SANA<\/span>&#8211; Los miembros de la delegaci\u00f3n parlamentaria rusa, que visit\u00f3 Damasco a principios de esta semana advirti\u00f3 de los peligros de las pr\u00e1cticas enga\u00f1osas de prensa realizadas por los medios de comunicaci\u00f3n occidentales contra Siria y Rusia, por igual.<\/p>\n<p style=\"text-align: justify\">&#8220;La reuni\u00f3n con el presidente Bashar al-Assad fue muy importante en el sentido de que se incluy\u00f3 aclaraciones sobre la realidad de la postura oficial siria que da la bienvenida a cualquier iniciativa constructiva para derrocar el terrorismo y preservar la integridad territorial de Siria&#8221;, infirm\u00f3 Alexander Yoshenko, miembro del el ruso Consejo Duma al corresponsal de SANA en Mosc\u00fa.<\/p>\n<p style=\"text-align: justify\">Agreg\u00f3 que los miembros de la delegaci\u00f3n hab\u00edan hablado con muchos sirios, los cuales a su vez estaban agradecidos por la asistencia humanitaria y militar rusa.<\/p>\n<p style=\"text-align: justify\">Yoshenko asegur\u00f3 que el proceso de las operaciones que est\u00e1 llevando a cabo por el ej\u00e9rcito sirio allanar\u00e1 el camino para un proceso pac\u00edfico.<\/p>\n<p style=\"text-align: justify\">Dmitri Sablin, por su parte, dijo que la situaci\u00f3n en Damasco era mejor que antes, ya que &#8220;nuestra agenda de trabajo se concentr\u00f3 en las comunicaciones y las conversaciones con los l\u00edderes pol\u00edticos en Siria para saber la verdad cerca de los ataques a\u00e9reos rusos.&#8221;<\/p>\n<p style=\"text-align: justify\">Sergei Gavrilov, un miembro de la delegaci\u00f3n, dijo que &#8220;la postura de Rusia no ha cambiado en respecto a la conservaci\u00f3n de soberan\u00eda de Siria y su independiente y esto es muy importante.&#8221;<\/p>\n<p style=\"text-align: justify\">\n<p style=\"text-align: justify\">\n<p>M.Miri<\/p>\n","protected":false},"excerpt":{"rendered":"<p>Mosc\u00fa, SANA&#8211; Los miembros de la delegaci\u00f3n parlamentaria rusa, que visit\u00f3 Damasco a principios de esta semana advirti\u00f3 de los peligros de las pr\u00e1cticas enga\u00f1osas de prensa realizadas por los medios de comunicaci\u00f3n occidentales contra Siria y Rusia, por igual. &#8220;La reuni\u00f3n con el presidente Bashar al-Assad fue muy importante en el sentido de que &hellip;<\/p>\n","protected":false},"author":1,"featured_media":32473,"comment_status":"closed","ping_status":"closed","sticky":false,"template":"","format":"standard","meta":{"footnotes":""},"categories":[456,457,576],"tags":[7226],"class_list":["post-32472","post","type-post","status-publish","format-standard","has-post-thumbnail","","category-arabe-internacional-politica","category-noticias-arabe-internacional-politica","category-noticias-politicas","tag-parlamentarios-rusos-la-reunion-con-el-presidente-al-assad-ha-sido-de-gran-importancia"],"_links":{"self":[{"href":"https:\/\/archive.sana.sy\/es\/index.php?rest_route=\/wp\/v2\/posts\/32472"}],"collection":[{"href":"https:\/\/archive.sana.sy\/es\/index.php?rest_route=\/wp\/v2\/posts"}],"about":[{"href":"https:\/\/archive.sana.sy\/es\/index.php?rest_route=\/wp\/v2\/types\/post"}],"author":[{"embeddable":true,"href":"https:\/\/archive.sana.sy\/es\/index.php?rest_route=\/wp\/v2\/users\/1"}],"replies":[{"embeddable":true,"href":"https:\/\/archive.sana.sy\/es\/index.php?rest_route=%2Fwp%2Fv2%2Fcomments&post=32472"}],"version-history":[{"count":0,"href":"https:\/\/archive.sana.sy\/es\/index.php?rest_route=\/wp\/v2\/posts\/32472\/revisions"}],"wp:featuredmedia":[{"embeddable":true,"href":"https:\/\/archive.sana.sy\/es\/index.php?rest_route=\/wp\/v2\/media\/32473"}],"wp:attachment":[{"href":"https:\/\/archive.sana.sy\/es\/index.php?rest_route=%2Fwp%2Fv2%2Fmedia&parent=32472"}],"wp:term":[{"taxonomy":"category","embeddable":true,"href":"https:\/\/archive.sana.sy\/es\/index.php?rest_route=%2Fwp%2Fv2%2Fcategories&post=32472"},{"taxonomy":"post_tag","embeddable":true,"href":"https:\/\/archive.sana.sy\/es\/index.php?rest_route=%2Fwp%2Fv2%2Ftags&post=32472"}],"curies":[{"name":"wp","href":"https:\/\/api.w.org\/{rel}","templated":true}]}}