{"id":324725,"date":"2024-03-16T11:18:29","date_gmt":"2024-03-16T08:18:29","guid":{"rendered":"https:\/\/sana.sy\/es\/?p=324725"},"modified":"2024-03-16T11:18:43","modified_gmt":"2024-03-16T08:18:43","slug":"nuevas-masacres-israelies-cobraron-la-vida-de-mas-de-80-palestinos","status":"publish","type":"post","link":"https:\/\/archive.sana.sy\/es\/?p=324725","title":{"rendered":"Nuevas masacres israel\u00edes cobraron la vida de m\u00e1s de 80 palestinos"},"content":{"rendered":"<p style=\"text-align: justify;\"><span style=\"color: #800000;\"><strong>Jerusal\u00e9n ocupada, 16 mar (SANA)<\/strong><\/span> M\u00e1s de 80 de palestinos perdieron la vida esta madrugada y decenas resultaron heridos, en brutales masacres cometidas por el ocupante israel\u00ed en diversas zonas de la Franja de Gaza.<\/p>\n<p style=\"text-align: justify;\">Medios de la prensa palestina reportaron que los aviones de combate y la artiller\u00eda del ocupante israel\u00ed bombardearon un edificio residencial de siete pisos donde habitaban personas desplazadas cerca del hospital Al-Shifa.<\/p>\n<p style=\"text-align: justify;\">Tambi\u00e9n, fueron atacadas viviendas en el campamento de Nuseirat en el centro de la Franja de Gaza, en Beit Hanoun, en Al-Tuffah, los barrios de Al-Nasr y la ciudad de Rafah.<\/p>\n<p style=\"text-align: justify;\">Las acciones brutales anteriores provocaron la muerte de m\u00e1s de 80 palestinos, la mayor\u00eda son ni\u00f1os y mujeres, mientras decenas resultaron heridos.<\/p>\n<p style=\"text-align: justify;\">La v\u00edspera, el ocupante cometi\u00f3 13 masacres que cobraron la vida de 149 personas y 300 heridos, lo que eleva el total de v\u00edctimas desde el 7 de octubre pasado a 31.490 muertos y 73.439 heridos.<\/p>\n<p style=\"text-align: justify;\">lo\/fm<\/p>\n","protected":false},"excerpt":{"rendered":"<p>Jerusal\u00e9n ocupada, 16 mar (SANA) M\u00e1s de 80 de palestinos perdieron la vida esta madrugada y decenas resultaron heridos, en brutales masacres cometidas por el ocupante israel\u00ed en diversas zonas de la Franja de Gaza. Medios de la prensa palestina reportaron que los aviones de combate y la artiller\u00eda del ocupante israel\u00ed bombardearon un edificio &hellip;<\/p>\n","protected":false},"author":34,"featured_media":324726,"comment_status":"closed","ping_status":"closed","sticky":false,"template":"","format":"standard","meta":{"footnotes":""},"categories":[597,456,16687,20724,7541],"tags":[],"class_list":["post-324725","post","type-post","status-publish","format-standard","has-post-thumbnail","","category-cinta-de-noticias","category-arabe-internacional-politica","category-internacionales","category-minuto-a-minuto","category-ultimas-noticias"],"_links":{"self":[{"href":"https:\/\/archive.sana.sy\/es\/index.php?rest_route=\/wp\/v2\/posts\/324725"}],"collection":[{"href":"https:\/\/archive.sana.sy\/es\/index.php?rest_route=\/wp\/v2\/posts"}],"about":[{"href":"https:\/\/archive.sana.sy\/es\/index.php?rest_route=\/wp\/v2\/types\/post"}],"author":[{"embeddable":true,"href":"https:\/\/archive.sana.sy\/es\/index.php?rest_route=\/wp\/v2\/users\/34"}],"replies":[{"embeddable":true,"href":"https:\/\/archive.sana.sy\/es\/index.php?rest_route=%2Fwp%2Fv2%2Fcomments&post=324725"}],"version-history":[{"count":2,"href":"https:\/\/archive.sana.sy\/es\/index.php?rest_route=\/wp\/v2\/posts\/324725\/revisions"}],"predecessor-version":[{"id":324728,"href":"https:\/\/archive.sana.sy\/es\/index.php?rest_route=\/wp\/v2\/posts\/324725\/revisions\/324728"}],"wp:featuredmedia":[{"embeddable":true,"href":"https:\/\/archive.sana.sy\/es\/index.php?rest_route=\/wp\/v2\/media\/324726"}],"wp:attachment":[{"href":"https:\/\/archive.sana.sy\/es\/index.php?rest_route=%2Fwp%2Fv2%2Fmedia&parent=324725"}],"wp:term":[{"taxonomy":"category","embeddable":true,"href":"https:\/\/archive.sana.sy\/es\/index.php?rest_route=%2Fwp%2Fv2%2Fcategories&post=324725"},{"taxonomy":"post_tag","embeddable":true,"href":"https:\/\/archive.sana.sy\/es\/index.php?rest_route=%2Fwp%2Fv2%2Ftags&post=324725"}],"curies":[{"name":"wp","href":"https:\/\/api.w.org\/{rel}","templated":true}]}}