{"id":324729,"date":"2024-03-16T13:48:10","date_gmt":"2024-03-16T10:48:10","guid":{"rendered":"https:\/\/sana.sy\/es\/?p=324729"},"modified":"2024-03-16T13:48:10","modified_gmt":"2024-03-16T10:48:10","slug":"ejercito-israeli-reanuda-sus-agresiones-contra-localidades-del-sur-del-libano","status":"publish","type":"post","link":"https:\/\/archive.sana.sy\/es\/?p=324729","title":{"rendered":"Ej\u00e9rcito israel\u00ed reanuda sus agresiones contra localidades del sur del L\u00edbano"},"content":{"rendered":"<p style=\"text-align: justify;\"><span style=\"color: #800000;\"><strong>Beirut, 16 mar (SANA)\u00a0<\/strong><\/span> \u00a0El ocupante israel\u00ed reanud\u00f3 sus agresiones contra aldeas y ciudades del sur del L\u00edbano, causando graves da\u00f1os a propiedades e instalaciones de infraestructura.<\/p>\n<p style=\"text-align: justify;\">La Agencia Nacional Libanesa de Noticias inform\u00f3 que los aviones de combate atacaron las afueras de las localidades de Naqura, Jabal al-Labouneh, Alma al-Shaab y la llanura de Marjayoun.<\/p>\n<p style=\"text-align: justify;\">Al mismo tiempo, las tropas del ocupante israel\u00ed bombardearon una casa en la localidad de Tair Harfa, lo que provoc\u00f3 su completa destrucci\u00f3n y caus\u00f3 graves da\u00f1os en las propiedades y viviendas circundantes.<\/p>\n<p style=\"text-align: justify;\">Asimismo, los aviones de reconocimiento israel\u00edes sobrevolaron las afueras de la ciudad de Tiro y a lo largo del lateral costero, as\u00ed como el enemigo israel\u00ed lanz\u00f3 bengalas sobre las aldeas fronterizas adyacentes a la L\u00ednea Azul.<\/p>\n<p style=\"text-align: justify;\">ed\/fm<\/p>\n","protected":false},"excerpt":{"rendered":"<p>Beirut, 16 mar (SANA)\u00a0 \u00a0El ocupante israel\u00ed reanud\u00f3 sus agresiones contra aldeas y ciudades del sur del L\u00edbano, causando graves da\u00f1os a propiedades e instalaciones de infraestructura. La Agencia Nacional Libanesa de Noticias inform\u00f3 que los aviones de combate atacaron las afueras de las localidades de Naqura, Jabal al-Labouneh, Alma al-Shaab y la llanura de &hellip;<\/p>\n","protected":false},"author":32,"featured_media":324730,"comment_status":"closed","ping_status":"closed","sticky":false,"template":"","format":"standard","meta":{"footnotes":""},"categories":[597,456,20724,7541],"tags":[],"class_list":["post-324729","post","type-post","status-publish","format-standard","has-post-thumbnail","","category-cinta-de-noticias","category-arabe-internacional-politica","category-minuto-a-minuto","category-ultimas-noticias"],"_links":{"self":[{"href":"https:\/\/archive.sana.sy\/es\/index.php?rest_route=\/wp\/v2\/posts\/324729"}],"collection":[{"href":"https:\/\/archive.sana.sy\/es\/index.php?rest_route=\/wp\/v2\/posts"}],"about":[{"href":"https:\/\/archive.sana.sy\/es\/index.php?rest_route=\/wp\/v2\/types\/post"}],"author":[{"embeddable":true,"href":"https:\/\/archive.sana.sy\/es\/index.php?rest_route=\/wp\/v2\/users\/32"}],"replies":[{"embeddable":true,"href":"https:\/\/archive.sana.sy\/es\/index.php?rest_route=%2Fwp%2Fv2%2Fcomments&post=324729"}],"version-history":[{"count":1,"href":"https:\/\/archive.sana.sy\/es\/index.php?rest_route=\/wp\/v2\/posts\/324729\/revisions"}],"predecessor-version":[{"id":324731,"href":"https:\/\/archive.sana.sy\/es\/index.php?rest_route=\/wp\/v2\/posts\/324729\/revisions\/324731"}],"wp:featuredmedia":[{"embeddable":true,"href":"https:\/\/archive.sana.sy\/es\/index.php?rest_route=\/wp\/v2\/media\/324730"}],"wp:attachment":[{"href":"https:\/\/archive.sana.sy\/es\/index.php?rest_route=%2Fwp%2Fv2%2Fmedia&parent=324729"}],"wp:term":[{"taxonomy":"category","embeddable":true,"href":"https:\/\/archive.sana.sy\/es\/index.php?rest_route=%2Fwp%2Fv2%2Fcategories&post=324729"},{"taxonomy":"post_tag","embeddable":true,"href":"https:\/\/archive.sana.sy\/es\/index.php?rest_route=%2Fwp%2Fv2%2Ftags&post=324729"}],"curies":[{"name":"wp","href":"https:\/\/api.w.org\/{rel}","templated":true}]}}