{"id":324732,"date":"2024-03-16T13:51:22","date_gmt":"2024-03-16T10:51:22","guid":{"rendered":"https:\/\/sana.sy\/es\/?p=324732"},"modified":"2024-03-16T13:51:22","modified_gmt":"2024-03-16T10:51:22","slug":"cinco-personas-resultan-heridas-tras-ataque-ucraniano-con-un-dron","status":"publish","type":"post","link":"https:\/\/archive.sana.sy\/es\/?p=324732","title":{"rendered":"Cinco personas resultan heridas tras ataque ucraniano con un dron"},"content":{"rendered":"<p style=\"text-align: justify;\"><span style=\"color: #800000;\"><strong>Mosc\u00fa, 16 mar (SANA)\u00a0<\/strong> <\/span>El gobernador de la provincia rusa de B\u00e9lgorod, Viacheslav Gl\u00e1dkov, anunci\u00f3 que cinco personas resultaron heridas por un ataque ucraniano con un dron que tuvo como objetivo un autom\u00f3vil.<\/p>\n<p style=\"text-align: justify;\">\u201cUn coche que transportaba pasajeros fue blanco del veh\u00edculo a\u00e9reos no0 tripulados, lo que caus\u00f3 lesiones a cinco personas, entre ellas un ni\u00f1o\u201d, divulg\u00f3 Sputnik citando a Gl\u00e1dkov..<\/p>\n<p style=\"text-align: justify;\">La v\u00edspera, el presidente ruso Vladimir Putin, anunci\u00f3 que los ataques del r\u00e9gimen ucraniano contra territorio ruso no quedar\u00e1n impunes y no podr\u00e1n aterrorizar al pueblo ruso.<\/p>\n<p style=\"text-align: justify;\">ed\/fm<\/p>\n","protected":false},"excerpt":{"rendered":"<p>Mosc\u00fa, 16 mar (SANA)\u00a0 El gobernador de la provincia rusa de B\u00e9lgorod, Viacheslav Gl\u00e1dkov, anunci\u00f3 que cinco personas resultaron heridas por un ataque ucraniano con un dron que tuvo como objetivo un autom\u00f3vil. \u201cUn coche que transportaba pasajeros fue blanco del veh\u00edculo a\u00e9reos no0 tripulados, lo que caus\u00f3 lesiones a cinco personas, entre ellas un &hellip;<\/p>\n","protected":false},"author":32,"featured_media":324733,"comment_status":"closed","ping_status":"closed","sticky":false,"template":"","format":"standard","meta":{"footnotes":""},"categories":[597,456,20724,7541],"tags":[],"class_list":["post-324732","post","type-post","status-publish","format-standard","has-post-thumbnail","","category-cinta-de-noticias","category-arabe-internacional-politica","category-minuto-a-minuto","category-ultimas-noticias"],"_links":{"self":[{"href":"https:\/\/archive.sana.sy\/es\/index.php?rest_route=\/wp\/v2\/posts\/324732"}],"collection":[{"href":"https:\/\/archive.sana.sy\/es\/index.php?rest_route=\/wp\/v2\/posts"}],"about":[{"href":"https:\/\/archive.sana.sy\/es\/index.php?rest_route=\/wp\/v2\/types\/post"}],"author":[{"embeddable":true,"href":"https:\/\/archive.sana.sy\/es\/index.php?rest_route=\/wp\/v2\/users\/32"}],"replies":[{"embeddable":true,"href":"https:\/\/archive.sana.sy\/es\/index.php?rest_route=%2Fwp%2Fv2%2Fcomments&post=324732"}],"version-history":[{"count":1,"href":"https:\/\/archive.sana.sy\/es\/index.php?rest_route=\/wp\/v2\/posts\/324732\/revisions"}],"predecessor-version":[{"id":324734,"href":"https:\/\/archive.sana.sy\/es\/index.php?rest_route=\/wp\/v2\/posts\/324732\/revisions\/324734"}],"wp:featuredmedia":[{"embeddable":true,"href":"https:\/\/archive.sana.sy\/es\/index.php?rest_route=\/wp\/v2\/media\/324733"}],"wp:attachment":[{"href":"https:\/\/archive.sana.sy\/es\/index.php?rest_route=%2Fwp%2Fv2%2Fmedia&parent=324732"}],"wp:term":[{"taxonomy":"category","embeddable":true,"href":"https:\/\/archive.sana.sy\/es\/index.php?rest_route=%2Fwp%2Fv2%2Fcategories&post=324732"},{"taxonomy":"post_tag","embeddable":true,"href":"https:\/\/archive.sana.sy\/es\/index.php?rest_route=%2Fwp%2Fv2%2Ftags&post=324732"}],"curies":[{"name":"wp","href":"https:\/\/api.w.org\/{rel}","templated":true}]}}