{"id":324735,"date":"2024-03-16T13:54:10","date_gmt":"2024-03-16T10:54:10","guid":{"rendered":"https:\/\/sana.sy\/es\/?p=324735"},"modified":"2024-03-16T14:01:13","modified_gmt":"2024-03-16T11:01:13","slug":"%e2%9a%a1%ef%b8%8fejercito-israeli-mato-a-63-palestinos-durante-las-ultimas-24-horas-lo-que-eleva-el-total-de-victimas-en-gaza-a-31-553-muertos-y-73-547-heridos-inforo-el-ministerio-palestino-de-sa","status":"publish","type":"post","link":"https:\/\/archive.sana.sy\/es\/?p=324735","title":{"rendered":"\u26a1\ufe0fEj\u00e9rcito israel\u00ed mat\u00f3 a 63 palestinos durante las \u00faltimas 24 horas, lo que eleva el total de v\u00edctimas en Gaza a 31.553 muertos y 73.547 heridos, inform\u00f3 el Ministerio palestino de Salud."},"content":{"rendered":"","protected":false},"excerpt":{"rendered":"","protected":false},"author":32,"featured_media":0,"comment_status":"closed","ping_status":"closed","sticky":false,"template":"","format":"standard","meta":{"footnotes":""},"categories":[20724,596],"tags":[],"class_list":["post-324735","post","type-post","status-publish","format-standard","","category-minuto-a-minuto","category-urgente"],"_links":{"self":[{"href":"https:\/\/archive.sana.sy\/es\/index.php?rest_route=\/wp\/v2\/posts\/324735"}],"collection":[{"href":"https:\/\/archive.sana.sy\/es\/index.php?rest_route=\/wp\/v2\/posts"}],"about":[{"href":"https:\/\/archive.sana.sy\/es\/index.php?rest_route=\/wp\/v2\/types\/post"}],"author":[{"embeddable":true,"href":"https:\/\/archive.sana.sy\/es\/index.php?rest_route=\/wp\/v2\/users\/32"}],"replies":[{"embeddable":true,"href":"https:\/\/archive.sana.sy\/es\/index.php?rest_route=%2Fwp%2Fv2%2Fcomments&post=324735"}],"version-history":[{"count":2,"href":"https:\/\/archive.sana.sy\/es\/index.php?rest_route=\/wp\/v2\/posts\/324735\/revisions"}],"predecessor-version":[{"id":324737,"href":"https:\/\/archive.sana.sy\/es\/index.php?rest_route=\/wp\/v2\/posts\/324735\/revisions\/324737"}],"wp:attachment":[{"href":"https:\/\/archive.sana.sy\/es\/index.php?rest_route=%2Fwp%2Fv2%2Fmedia&parent=324735"}],"wp:term":[{"taxonomy":"category","embeddable":true,"href":"https:\/\/archive.sana.sy\/es\/index.php?rest_route=%2Fwp%2Fv2%2Fcategories&post=324735"},{"taxonomy":"post_tag","embeddable":true,"href":"https:\/\/archive.sana.sy\/es\/index.php?rest_route=%2Fwp%2Fv2%2Ftags&post=324735"}],"curies":[{"name":"wp","href":"https:\/\/api.w.org\/{rel}","templated":true}]}}