{"id":32475,"date":"2015-10-29T11:31:29","date_gmt":"2015-10-29T08:31:29","guid":{"rendered":"http:\/\/sana.sy\/es\/?p=32475"},"modified":"2015-10-29T11:31:29","modified_gmt":"2015-10-29T08:31:29","slug":"moscu-confirma-que-los-terroristas-del-ei-saben-producir-agentes-para-la-guerra-quimica","status":"publish","type":"post","link":"https:\/\/archive.sana.sy\/es\/?p=32475","title":{"rendered":"Mosc\u00fa confirma que los terroristas del EI saben producir agentes para la guerra qu\u00edmica"},"content":{"rendered":"<p><span style=\"color: #800000\">Mosc\u00fa, SANA<\/span><\/p>\n<p>El director del Departamento de No Proliferaci\u00f3n del Control de Armas del Ministerio de Exteriores ruso, Mija\u00edl Uli\u00e1nov, dijo que los terroristas de la organizaci\u00f3n takfirista del Estado Isl\u00e1mico ya son capaces de producir armas qu\u00edmicas que puedan ser utilizados en los campos de batalla en Siria e Irak.<\/p>\n<p>Citado por la agencia TASS, Uli\u00e1nov explic\u00f3 que &#8220;seg\u00fan todos los datos disponibles, la organizaci\u00f3n del Estado Isl\u00e1mico obtuvo acceso a la tecnolog\u00eda de producci\u00f3n de armas qu\u00edmicas, a la documentaci\u00f3n correspondiente y a la capacidad de producci\u00f3n&#8221;, a\u00f1adiendo que &#8220;ya fueron registrados varios casos de producci\u00f3n de armas qu\u00edmicas por el EI en el territorio de Siria e Irak&#8221;.<\/p>\n<p>El representante de la Canciller\u00eda rusa subray\u00f3 que la informaci\u00f3n sobre el uso de armas qu\u00edmicas por parte de los yihadistas debe ser investigada. En este sentido, destac\u00f3 que &#8220;en el caso del EI ya no se trata simplemente del uso militar de cloro, en lo que se suele culpar a Damasco sin evidencias algunas&#8221;.<\/p>\n<p>Concluy\u00f3 que &#8220;los terroristas del EI aplican armas qu\u00edmicas reales como mostaza y, posiblemente, lewisita, la producci\u00f3n de los cuales requiere el dominio de una tecnolog\u00eda muy sofisticada&#8221;.<\/p>\n<p><span style=\"color: #00ccff\">Fady M., Hala B.<\/span><\/p>\n","protected":false},"excerpt":{"rendered":"<p>Mosc\u00fa, SANA El director del Departamento de No Proliferaci\u00f3n del Control de Armas del Ministerio de Exteriores ruso, Mija\u00edl Uli\u00e1nov, dijo que los terroristas de la organizaci\u00f3n takfirista del Estado Isl\u00e1mico ya son capaces de producir armas qu\u00edmicas que puedan ser utilizados en los campos de batalla en Siria e Irak. Citado por la agencia &hellip;<\/p>\n","protected":false},"author":1,"featured_media":32476,"comment_status":"closed","ping_status":"closed","sticky":false,"template":"","format":"standard","meta":{"footnotes":""},"categories":[597,456,457],"tags":[7227],"class_list":["post-32475","post","type-post","status-publish","format-standard","has-post-thumbnail","","category-cinta-de-noticias","category-arabe-internacional-politica","category-noticias-arabe-internacional-politica","tag-moscu-confirma-que-los-terroristas-del-ei-saben-producir-agentes-para-la-guerra-quimica"],"_links":{"self":[{"href":"https:\/\/archive.sana.sy\/es\/index.php?rest_route=\/wp\/v2\/posts\/32475"}],"collection":[{"href":"https:\/\/archive.sana.sy\/es\/index.php?rest_route=\/wp\/v2\/posts"}],"about":[{"href":"https:\/\/archive.sana.sy\/es\/index.php?rest_route=\/wp\/v2\/types\/post"}],"author":[{"embeddable":true,"href":"https:\/\/archive.sana.sy\/es\/index.php?rest_route=\/wp\/v2\/users\/1"}],"replies":[{"embeddable":true,"href":"https:\/\/archive.sana.sy\/es\/index.php?rest_route=%2Fwp%2Fv2%2Fcomments&post=32475"}],"version-history":[{"count":0,"href":"https:\/\/archive.sana.sy\/es\/index.php?rest_route=\/wp\/v2\/posts\/32475\/revisions"}],"wp:featuredmedia":[{"embeddable":true,"href":"https:\/\/archive.sana.sy\/es\/index.php?rest_route=\/wp\/v2\/media\/32476"}],"wp:attachment":[{"href":"https:\/\/archive.sana.sy\/es\/index.php?rest_route=%2Fwp%2Fv2%2Fmedia&parent=32475"}],"wp:term":[{"taxonomy":"category","embeddable":true,"href":"https:\/\/archive.sana.sy\/es\/index.php?rest_route=%2Fwp%2Fv2%2Fcategories&post=32475"},{"taxonomy":"post_tag","embeddable":true,"href":"https:\/\/archive.sana.sy\/es\/index.php?rest_route=%2Fwp%2Fv2%2Ftags&post=32475"}],"curies":[{"name":"wp","href":"https:\/\/api.w.org\/{rel}","templated":true}]}}