{"id":324756,"date":"2024-03-16T14:49:17","date_gmt":"2024-03-16T11:49:17","guid":{"rendered":"https:\/\/sana.sy\/es\/?p=324756"},"modified":"2024-06-01T14:27:36","modified_gmt":"2024-06-01T11:27:36","slug":"fuerzas-israelies-asesinaron-a-63-palestinos-para-un-total-de-31-553-desde-el-7-de-octubre-pasado-fotos","status":"publish","type":"post","link":"https:\/\/archive.sana.sy\/es\/?p=324756","title":{"rendered":"Fuerzas israel\u00edes asesinaron a 63 palestinos para un total de 31.553 desde el 7 de octubre pasado (+ fotos)"},"content":{"rendered":"<p style=\"text-align: justify;\"><span style=\"color: #800000;\"><strong>Jerusal\u00e9n ocupada, 16 mar (SANA)\u00a0<\/strong><\/span> El Ministerio de Salud palestino inform\u00f3 hoy que durante las \u00faltimas 24 horas, el ej\u00e9rcito de ocupaci\u00f3n israel\u00ed cometi\u00f3 siete masacres en la Franja de Gaza.<\/p>\n<p style=\"text-align: justify;\">Solo durante el \u00faltimo d\u00eda, 63 palestinos perdieron la vida y otros 112 resultaron heridos, indic\u00f3 el ente de salud.<\/p>\n<p style=\"text-align: justify;\">Agreg\u00f3 que el n\u00famero total de v\u00edctimas durante 162 d\u00edas de agresi\u00f3n israel\u00ed en la Franja de Gaza ascendi\u00f3 a 31.553 muertos y 73.547 heridos.<\/p>\n<p style=\"text-align: justify;\">Durante el d\u00eda de hoy, m\u00e1s de 80 de palestinos perdieron la vida y decenas resultaron heridos, en brutales masacres cometidas por el ocupante israel\u00ed en diversas zonas de la Franja de Gaza.<\/p>\n<p style=\"text-align: justify;\">Medios de la prensa palestina reportaron que los aviones de combate y la artiller\u00eda del ocupante israel\u00ed bombardearon un edificio residencial de siete pisos donde habitaban personas desplazadas cerca del hospital Al-Shifa.<\/p>\n<p style=\"text-align: justify;\">Tambi\u00e9n, fueron atacadas viviendas en el campamento de Nuseirat en el centro de la Franja de Gaza, en Beit Hanoun, en Al-Tuffah, los barrios de Al-Nasr y la ciudad de Rafah.<\/p>\n<p style=\"text-align: justify;\">Las acciones brutales anteriores provocaron la muerte de m\u00e1s de 80 palestinos, la mayor\u00eda son ni\u00f1os y mujeres, mientras decenas resultaron heridos.<\/p>\n<div id='gallery-1' class='gallery galleryid-324756 gallery-columns-1 gallery-size-full'><figure class='gallery-item'>\n\t\t\t<div class='gallery-icon landscape'>\n\t\t\t\t<a href='https:\/\/archive.sana.sy\/es\/wp-content\/uploads\/2024\/03\/1-1.jpg'><img loading=\"lazy\" decoding=\"async\" width=\"1280\" height=\"960\" src=\"https:\/\/archive.sana.sy\/es\/wp-content\/uploads\/2024\/03\/1-1.jpg\" class=\"attachment-full size-full\" alt=\"\" srcset=\"https:\/\/archive.sana.sy\/es\/wp-content\/uploads\/2024\/03\/1-1.jpg 1280w, https:\/\/archive.sana.sy\/es\/wp-content\/uploads\/2024\/03\/1-1-300x225.jpg 300w, https:\/\/archive.sana.sy\/es\/wp-content\/uploads\/2024\/03\/1-1-1024x768.jpg 1024w, https:\/\/archive.sana.sy\/es\/wp-content\/uploads\/2024\/03\/1-1-150x113.jpg 150w, https:\/\/archive.sana.sy\/es\/wp-content\/uploads\/2024\/03\/1-1-768x576.jpg 768w\" sizes=\"(max-width: 1280px) 100vw, 1280px\" \/><\/a>\n\t\t\t<\/div><\/figure><figure class='gallery-item'>\n\t\t\t<div class='gallery-icon landscape'>\n\t\t\t\t<a href='https:\/\/archive.sana.sy\/es\/wp-content\/uploads\/2024\/03\/photo_2024-03-16_14-43-14.jpg'><img loading=\"lazy\" decoding=\"async\" width=\"1280\" height=\"960\" src=\"https:\/\/archive.sana.sy\/es\/wp-content\/uploads\/2024\/03\/photo_2024-03-16_14-43-14.jpg\" class=\"attachment-full size-full\" alt=\"\" srcset=\"https:\/\/archive.sana.sy\/es\/wp-content\/uploads\/2024\/03\/photo_2024-03-16_14-43-14.jpg 1280w, https:\/\/archive.sana.sy\/es\/wp-content\/uploads\/2024\/03\/photo_2024-03-16_14-43-14-300x225.jpg 300w, https:\/\/archive.sana.sy\/es\/wp-content\/uploads\/2024\/03\/photo_2024-03-16_14-43-14-1024x768.jpg 1024w, https:\/\/archive.sana.sy\/es\/wp-content\/uploads\/2024\/03\/photo_2024-03-16_14-43-14-150x113.jpg 150w, https:\/\/archive.sana.sy\/es\/wp-content\/uploads\/2024\/03\/photo_2024-03-16_14-43-14-768x576.jpg 768w\" sizes=\"(max-width: 1280px) 100vw, 1280px\" \/><\/a>\n\t\t\t<\/div><\/figure><figure class='gallery-item'>\n\t\t\t<div class='gallery-icon landscape'>\n\t\t\t\t<a href='https:\/\/archive.sana.sy\/es\/wp-content\/uploads\/2024\/03\/photo_2024-03-16_14-43-15.jpg'><img loading=\"lazy\" decoding=\"async\" width=\"1280\" height=\"960\" src=\"https:\/\/archive.sana.sy\/es\/wp-content\/uploads\/2024\/03\/photo_2024-03-16_14-43-15.jpg\" class=\"attachment-full size-full\" alt=\"\" srcset=\"https:\/\/archive.sana.sy\/es\/wp-content\/uploads\/2024\/03\/photo_2024-03-16_14-43-15.jpg 1280w, https:\/\/archive.sana.sy\/es\/wp-content\/uploads\/2024\/03\/photo_2024-03-16_14-43-15-300x225.jpg 300w, https:\/\/archive.sana.sy\/es\/wp-content\/uploads\/2024\/03\/photo_2024-03-16_14-43-15-1024x768.jpg 1024w, https:\/\/archive.sana.sy\/es\/wp-content\/uploads\/2024\/03\/photo_2024-03-16_14-43-15-150x113.jpg 150w, https:\/\/archive.sana.sy\/es\/wp-content\/uploads\/2024\/03\/photo_2024-03-16_14-43-15-768x576.jpg 768w\" sizes=\"(max-width: 1280px) 100vw, 1280px\" \/><\/a>\n\t\t\t<\/div><\/figure>\n\t\t<\/div>\n\n<p style=\"text-align: justify;\">fm\/ed<\/p>\n","protected":false},"excerpt":{"rendered":"<p>Jerusal\u00e9n ocupada, 16 mar (SANA)\u00a0 El Ministerio de Salud palestino inform\u00f3 hoy que durante las \u00faltimas 24 horas, el ej\u00e9rcito de ocupaci\u00f3n israel\u00ed cometi\u00f3 siete masacres en la Franja de Gaza. Solo durante el \u00faltimo d\u00eda, 63 palestinos perdieron la vida y otros 112 resultaron heridos, indic\u00f3 el ente de salud. Agreg\u00f3 que el n\u00famero &hellip;<\/p>\n","protected":false},"author":32,"featured_media":324757,"comment_status":"closed","ping_status":"closed","sticky":false,"template":"","format":"standard","meta":{"footnotes":""},"categories":[597,456,20724,583],"tags":[],"class_list":["post-324756","post","type-post","status-publish","format-standard","has-post-thumbnail","","category-cinta-de-noticias","category-arabe-internacional-politica","category-minuto-a-minuto","category-slide"],"_links":{"self":[{"href":"https:\/\/archive.sana.sy\/es\/index.php?rest_route=\/wp\/v2\/posts\/324756"}],"collection":[{"href":"https:\/\/archive.sana.sy\/es\/index.php?rest_route=\/wp\/v2\/posts"}],"about":[{"href":"https:\/\/archive.sana.sy\/es\/index.php?rest_route=\/wp\/v2\/types\/post"}],"author":[{"embeddable":true,"href":"https:\/\/archive.sana.sy\/es\/index.php?rest_route=\/wp\/v2\/users\/32"}],"replies":[{"embeddable":true,"href":"https:\/\/archive.sana.sy\/es\/index.php?rest_route=%2Fwp%2Fv2%2Fcomments&post=324756"}],"version-history":[{"count":4,"href":"https:\/\/archive.sana.sy\/es\/index.php?rest_route=\/wp\/v2\/posts\/324756\/revisions"}],"predecessor-version":[{"id":330645,"href":"https:\/\/archive.sana.sy\/es\/index.php?rest_route=\/wp\/v2\/posts\/324756\/revisions\/330645"}],"wp:featuredmedia":[{"embeddable":true,"href":"https:\/\/archive.sana.sy\/es\/index.php?rest_route=\/wp\/v2\/media\/324757"}],"wp:attachment":[{"href":"https:\/\/archive.sana.sy\/es\/index.php?rest_route=%2Fwp%2Fv2%2Fmedia&parent=324756"}],"wp:term":[{"taxonomy":"category","embeddable":true,"href":"https:\/\/archive.sana.sy\/es\/index.php?rest_route=%2Fwp%2Fv2%2Fcategories&post=324756"},{"taxonomy":"post_tag","embeddable":true,"href":"https:\/\/archive.sana.sy\/es\/index.php?rest_route=%2Fwp%2Fv2%2Ftags&post=324756"}],"curies":[{"name":"wp","href":"https:\/\/api.w.org\/{rel}","templated":true}]}}