{"id":324767,"date":"2024-03-16T15:44:06","date_gmt":"2024-03-16T12:44:06","guid":{"rendered":"https:\/\/sana.sy\/es\/?p=324767"},"modified":"2024-03-16T15:44:20","modified_gmt":"2024-03-16T12:44:20","slug":"presidente-de-venezuela-rechaza-nuevas-sanciones-de-eeuu-contra-nicaragua","status":"publish","type":"post","link":"https:\/\/archive.sana.sy\/es\/?p=324767","title":{"rendered":"Presidente de Venezuela rechaza nuevas sanciones de EEUU contra Nicaragua"},"content":{"rendered":"<p style=\"text-align: justify;\"><strong><span style=\"color: #800000;\">Caracas, 16 mar (SANA)\u00a0<\/span><\/strong> \u00a0El presidente venezolano Nicol\u00e1s Maduro, conden\u00f3 hoy las medidas coercitivas unilaterales impuestas recientemente por Estados Unidos contra Nicaragua en materia de defensa, y asegur\u00f3 que las mismas demuestran una vez m\u00e1s la arrogancia estadounidense.<\/p>\n<p style=\"text-align: justify;\">Washington impuso recientemente nuevas restricciones a la importaci\u00f3n y exportaci\u00f3n de productos de defensa estadounidenses hacia y desde Nicaragua.<\/p>\n<p style=\"text-align: justify;\">El presidente Maduro condena la nueva arremetida injerencista emprendida por el Gobierno de Estados Unidos contra el pueblo y gobierno de Nicaragua mediante la imposici\u00f3n de medidas coercitivas unilaterales en materia de defensa y buscan afectar la capacidad de ese Estado para garantizar la seguridad y estabilidad de la naci\u00f3n, indic\u00f3 un comunicado de la Presidencia Venezolana.<\/p>\n<p style=\"text-align: justify;\">La nota reafirma que Caracas reitera ante el mundo su ilimitado apoyo y solidaridad con el pueblo y gobierno de Managua.<\/p>\n<p style=\"text-align: justify;\">La declaraci\u00f3n agreg\u00f3 que esta nueva expresi\u00f3n de arrogancia imperial demuestra clara y firmemente el continuo desprecio del gobierno de Estados Unidos por el derecho internacional y otros principios b\u00e1sicos de la coexistencia pac\u00edfica.<\/p>\n<p style=\"text-align: justify;\">ed\/fm<\/p>\n","protected":false},"excerpt":{"rendered":"<p>Caracas, 16 mar (SANA)\u00a0 \u00a0El presidente venezolano Nicol\u00e1s Maduro, conden\u00f3 hoy las medidas coercitivas unilaterales impuestas recientemente por Estados Unidos contra Nicaragua en materia de defensa, y asegur\u00f3 que las mismas demuestran una vez m\u00e1s la arrogancia estadounidense. Washington impuso recientemente nuevas restricciones a la importaci\u00f3n y exportaci\u00f3n de productos de defensa estadounidenses hacia y &hellip;<\/p>\n","protected":false},"author":32,"featured_media":324769,"comment_status":"closed","ping_status":"closed","sticky":false,"template":"","format":"standard","meta":{"footnotes":""},"categories":[597,456,20724,7541],"tags":[],"class_list":["post-324767","post","type-post","status-publish","format-standard","has-post-thumbnail","","category-cinta-de-noticias","category-arabe-internacional-politica","category-minuto-a-minuto","category-ultimas-noticias"],"_links":{"self":[{"href":"https:\/\/archive.sana.sy\/es\/index.php?rest_route=\/wp\/v2\/posts\/324767"}],"collection":[{"href":"https:\/\/archive.sana.sy\/es\/index.php?rest_route=\/wp\/v2\/posts"}],"about":[{"href":"https:\/\/archive.sana.sy\/es\/index.php?rest_route=\/wp\/v2\/types\/post"}],"author":[{"embeddable":true,"href":"https:\/\/archive.sana.sy\/es\/index.php?rest_route=\/wp\/v2\/users\/32"}],"replies":[{"embeddable":true,"href":"https:\/\/archive.sana.sy\/es\/index.php?rest_route=%2Fwp%2Fv2%2Fcomments&post=324767"}],"version-history":[{"count":1,"href":"https:\/\/archive.sana.sy\/es\/index.php?rest_route=\/wp\/v2\/posts\/324767\/revisions"}],"predecessor-version":[{"id":324768,"href":"https:\/\/archive.sana.sy\/es\/index.php?rest_route=\/wp\/v2\/posts\/324767\/revisions\/324768"}],"wp:featuredmedia":[{"embeddable":true,"href":"https:\/\/archive.sana.sy\/es\/index.php?rest_route=\/wp\/v2\/media\/324769"}],"wp:attachment":[{"href":"https:\/\/archive.sana.sy\/es\/index.php?rest_route=%2Fwp%2Fv2%2Fmedia&parent=324767"}],"wp:term":[{"taxonomy":"category","embeddable":true,"href":"https:\/\/archive.sana.sy\/es\/index.php?rest_route=%2Fwp%2Fv2%2Fcategories&post=324767"},{"taxonomy":"post_tag","embeddable":true,"href":"https:\/\/archive.sana.sy\/es\/index.php?rest_route=%2Fwp%2Fv2%2Ftags&post=324767"}],"curies":[{"name":"wp","href":"https:\/\/api.w.org\/{rel}","templated":true}]}}