{"id":324770,"date":"2024-03-16T16:15:57","date_gmt":"2024-03-16T13:15:57","guid":{"rendered":"https:\/\/sana.sy\/es\/?p=324770"},"modified":"2024-03-16T16:15:57","modified_gmt":"2024-03-16T13:15:57","slug":"7-600-palestinos-fueron-arrestados-por-israel-en-cisjordania-desde-el-7-de-octubre-ultimo","status":"publish","type":"post","link":"https:\/\/archive.sana.sy\/es\/?p=324770","title":{"rendered":"7.600 palestinos fueron arrestados por Israel en Cisjordania desde el 7 de octubre \u00faltimo"},"content":{"rendered":"<p style=\"text-align: justify;\"><span style=\"color: #800000;\"><strong>Jerusal\u00e9n ocupada, 16 mar (SANA)<\/strong> <\/span>M\u00e1s de siete mil 600 palestinos fueron arrestados por el Ej\u00e9rcito de ocupaci\u00f3n israel\u00ed en Cisjordania desde el 7 de octubre \u00faltimo, cuando comenz\u00f3 la guerra contra la Franja de Gaza.<\/p>\n<p style=\"text-align: justify;\">La Comisi\u00f3n de Prisioneros y Exprisioneros y el Club de Prisioneros detallaron en un comunicado conjunto que las detenciones incluyen a quienes fueron arrestados en sus hogares, en puestos de control militares, a quienes fueron obligados a entregarse bajo presi\u00f3n o mantenidos como rehenes.<\/p>\n<p style=\"text-align: justify;\">La cifra fue publicada en medio de reportes sobre el incremento de los m\u00e9todos de tortura del Servicio Penitenciario de Israel (IPS) contra los prisioneros palestinos.<\/p>\n<p style=\"text-align: justify;\">fm\/as<\/p>\n","protected":false},"excerpt":{"rendered":"<p>Jerusal\u00e9n ocupada, 16 mar (SANA) M\u00e1s de siete mil 600 palestinos fueron arrestados por el Ej\u00e9rcito de ocupaci\u00f3n israel\u00ed en Cisjordania desde el 7 de octubre \u00faltimo, cuando comenz\u00f3 la guerra contra la Franja de Gaza. La Comisi\u00f3n de Prisioneros y Exprisioneros y el Club de Prisioneros detallaron en un comunicado conjunto que las detenciones &hellip;<\/p>\n","protected":false},"author":42,"featured_media":324772,"comment_status":"closed","ping_status":"closed","sticky":false,"template":"","format":"standard","meta":{"footnotes":""},"categories":[597,456,16687,20724,7541],"tags":[],"class_list":["post-324770","post","type-post","status-publish","format-standard","has-post-thumbnail","","category-cinta-de-noticias","category-arabe-internacional-politica","category-internacionales","category-minuto-a-minuto","category-ultimas-noticias"],"_links":{"self":[{"href":"https:\/\/archive.sana.sy\/es\/index.php?rest_route=\/wp\/v2\/posts\/324770"}],"collection":[{"href":"https:\/\/archive.sana.sy\/es\/index.php?rest_route=\/wp\/v2\/posts"}],"about":[{"href":"https:\/\/archive.sana.sy\/es\/index.php?rest_route=\/wp\/v2\/types\/post"}],"author":[{"embeddable":true,"href":"https:\/\/archive.sana.sy\/es\/index.php?rest_route=\/wp\/v2\/users\/42"}],"replies":[{"embeddable":true,"href":"https:\/\/archive.sana.sy\/es\/index.php?rest_route=%2Fwp%2Fv2%2Fcomments&post=324770"}],"version-history":[{"count":1,"href":"https:\/\/archive.sana.sy\/es\/index.php?rest_route=\/wp\/v2\/posts\/324770\/revisions"}],"predecessor-version":[{"id":324773,"href":"https:\/\/archive.sana.sy\/es\/index.php?rest_route=\/wp\/v2\/posts\/324770\/revisions\/324773"}],"wp:featuredmedia":[{"embeddable":true,"href":"https:\/\/archive.sana.sy\/es\/index.php?rest_route=\/wp\/v2\/media\/324772"}],"wp:attachment":[{"href":"https:\/\/archive.sana.sy\/es\/index.php?rest_route=%2Fwp%2Fv2%2Fmedia&parent=324770"}],"wp:term":[{"taxonomy":"category","embeddable":true,"href":"https:\/\/archive.sana.sy\/es\/index.php?rest_route=%2Fwp%2Fv2%2Fcategories&post=324770"},{"taxonomy":"post_tag","embeddable":true,"href":"https:\/\/archive.sana.sy\/es\/index.php?rest_route=%2Fwp%2Fv2%2Ftags&post=324770"}],"curies":[{"name":"wp","href":"https:\/\/api.w.org\/{rel}","templated":true}]}}