{"id":324774,"date":"2024-03-16T16:30:56","date_gmt":"2024-03-16T13:30:56","guid":{"rendered":"https:\/\/sana.sy\/es\/?p=324774"},"modified":"2024-03-16T16:30:56","modified_gmt":"2024-03-16T13:30:56","slug":"uno-de-cada-tres-ninos-menores-de-dos-anos-en-gaza-sufre-desnutricion-aguda","status":"publish","type":"post","link":"https:\/\/archive.sana.sy\/es\/?p=324774","title":{"rendered":"Uno de cada tres ni\u00f1os menores de dos a\u00f1os en Gaza sufre desnutrici\u00f3n aguda"},"content":{"rendered":"<p style=\"text-align: justify;\"><span style=\"color: #800000;\"><strong>Ginebra, 16 mar (SANA)<\/strong> <\/span>La Agencia de Obras P\u00fablicas y Socorro de las Naciones Unidas para los Refugiados de Palestina (UNRWA) advirti\u00f3 de la propagaci\u00f3n de la desnutrici\u00f3n aguda entre los ni\u00f1os en la Franja de Gaza y de una hambruna inminente en este territorio palestino, que sigue siendo blanco de un asedio y una brutal agresi\u00f3n israel\u00ed desde el d\u00eda 7 de octubre pasado.<\/p>\n<p style=\"text-align: justify;\">En una publicaci\u00f3n en las redes sociales, la UNRWA indic\u00f3 que la desnutrici\u00f3n entre los ni\u00f1os se est\u00e1 extendiendo r\u00e1pidamente y alcanzando niveles sin precedentes en Gaza, y uno de cada tres ni\u00f1os menores de dos a\u00f1os en el norte de la ciudad sufre de desnutrici\u00f3n aguda.<\/p>\n<p style=\"text-align: justify;\">Por otro lado, los hospitales de Gaza informaron que algunos ni\u00f1os mor\u00edan de desnutrici\u00f3n y deshidrataci\u00f3n.<\/p>\n<p style=\"text-align: justify;\">Los informes indican que m\u00e1s de cinco meses despu\u00e9s del inicio de la agresi\u00f3n israel\u00ed, una gran parte de la Franja de Gaza ha quedado en ruinas, y la mayor\u00eda de sus 2,3 millones de sus residentes se han visto obligados a huir de los bombardeos israel\u00edes y enfrentan una importante crisis humanitaria.<\/p>\n<p style=\"text-align: justify;\">Se espera que el Organismo Internacional de Vigilancia de la Inseguridad Alimentaria presente pronto un informe sobre la magnitud de la crisis de hambre en Gaza, despu\u00e9s de que en diciembre pasado diera a conocer que exist\u00eda el riesgo de que la hambruna se produjera antes del pr\u00f3ximo mes de mayo.<\/p>\n<p style=\"text-align: justify;\">fm\/as<\/p>\n","protected":false},"excerpt":{"rendered":"<p>Ginebra, 16 mar (SANA) La Agencia de Obras P\u00fablicas y Socorro de las Naciones Unidas para los Refugiados de Palestina (UNRWA) advirti\u00f3 de la propagaci\u00f3n de la desnutrici\u00f3n aguda entre los ni\u00f1os en la Franja de Gaza y de una hambruna inminente en este territorio palestino, que sigue siendo blanco de un asedio y una &hellip;<\/p>\n","protected":false},"author":42,"featured_media":324775,"comment_status":"closed","ping_status":"closed","sticky":false,"template":"","format":"standard","meta":{"footnotes":""},"categories":[597,456,16687,583],"tags":[],"class_list":["post-324774","post","type-post","status-publish","format-standard","has-post-thumbnail","","category-cinta-de-noticias","category-arabe-internacional-politica","category-internacionales","category-slide"],"_links":{"self":[{"href":"https:\/\/archive.sana.sy\/es\/index.php?rest_route=\/wp\/v2\/posts\/324774"}],"collection":[{"href":"https:\/\/archive.sana.sy\/es\/index.php?rest_route=\/wp\/v2\/posts"}],"about":[{"href":"https:\/\/archive.sana.sy\/es\/index.php?rest_route=\/wp\/v2\/types\/post"}],"author":[{"embeddable":true,"href":"https:\/\/archive.sana.sy\/es\/index.php?rest_route=\/wp\/v2\/users\/42"}],"replies":[{"embeddable":true,"href":"https:\/\/archive.sana.sy\/es\/index.php?rest_route=%2Fwp%2Fv2%2Fcomments&post=324774"}],"version-history":[{"count":1,"href":"https:\/\/archive.sana.sy\/es\/index.php?rest_route=\/wp\/v2\/posts\/324774\/revisions"}],"predecessor-version":[{"id":324776,"href":"https:\/\/archive.sana.sy\/es\/index.php?rest_route=\/wp\/v2\/posts\/324774\/revisions\/324776"}],"wp:featuredmedia":[{"embeddable":true,"href":"https:\/\/archive.sana.sy\/es\/index.php?rest_route=\/wp\/v2\/media\/324775"}],"wp:attachment":[{"href":"https:\/\/archive.sana.sy\/es\/index.php?rest_route=%2Fwp%2Fv2%2Fmedia&parent=324774"}],"wp:term":[{"taxonomy":"category","embeddable":true,"href":"https:\/\/archive.sana.sy\/es\/index.php?rest_route=%2Fwp%2Fv2%2Fcategories&post=324774"},{"taxonomy":"post_tag","embeddable":true,"href":"https:\/\/archive.sana.sy\/es\/index.php?rest_route=%2Fwp%2Fv2%2Ftags&post=324774"}],"curies":[{"name":"wp","href":"https:\/\/api.w.org\/{rel}","templated":true}]}}