{"id":324794,"date":"2024-03-17T09:09:14","date_gmt":"2024-03-17T06:09:14","guid":{"rendered":"https:\/\/sana.sy\/es\/?p=324794"},"modified":"2024-03-17T09:09:23","modified_gmt":"2024-03-17T06:09:23","slug":"israel-bombardeo-el-sur-de-siria-y-dejo-a-un-militar-herido-y-danos-materiales","status":"publish","type":"post","link":"https:\/\/archive.sana.sy\/es\/?p=324794","title":{"rendered":"\u201cIsrael\u201d bombarde\u00f3 el sur de Siria y dej\u00f3 a un militar herido y da\u00f1os materiales"},"content":{"rendered":"<p style=\"text-align: justify;\"><span style=\"color: #800000;\"><strong>Damasco, 17 mar (SANA)\u00a0<\/strong><\/span> \u00a0Las unidades de defensa a\u00e9rea actuaron hoy para repeler una agresi\u00f3n israel\u00ed con misiles contra varios puntos en la Regi\u00f3n Sur del pa\u00eds.<\/p>\n<p style=\"text-align: justify;\">Una fuente del Ministerio de Defensa declar\u00f3 a nuestra agencia que aproximadamente a las 00:42 despu\u00e9s de la medianoche, el enemigo israel\u00ed lanz\u00f3 un ataque a\u00e9reo desde el Gol\u00e1n sirio ocupado y que las bater\u00edas de defensa a\u00e9rea interceptaron algunos de los misiles.<\/p>\n<p style=\"text-align: justify;\">Precis\u00f3 que la agresi\u00f3n caus\u00f3 lesiones a un militar y algunas p\u00e9rdidas materiales.<\/p>\n<p style=\"text-align: justify;\"><strong>fm\/ws<\/strong><\/p>\n","protected":false},"excerpt":{"rendered":"<p>Damasco, 17 mar (SANA)\u00a0 \u00a0Las unidades de defensa a\u00e9rea actuaron hoy para repeler una agresi\u00f3n israel\u00ed con misiles contra varios puntos en la Regi\u00f3n Sur del pa\u00eds. Una fuente del Ministerio de Defensa declar\u00f3 a nuestra agencia que aproximadamente a las 00:42 despu\u00e9s de la medianoche, el enemigo israel\u00ed lanz\u00f3 un ataque a\u00e9reo desde el &hellip;<\/p>\n","protected":false},"author":35,"featured_media":324795,"comment_status":"closed","ping_status":"closed","sticky":false,"template":"","format":"standard","meta":{"footnotes":""},"categories":[477,447,597,20724,476,583],"tags":[],"class_list":["post-324794","post","type-post","status-publish","format-standard","has-post-thumbnail","","category-noticias-edulcorantes","category-local-politica","category-cinta-de-noticias","category-minuto-a-minuto","category-locales","category-slide"],"_links":{"self":[{"href":"https:\/\/archive.sana.sy\/es\/index.php?rest_route=\/wp\/v2\/posts\/324794"}],"collection":[{"href":"https:\/\/archive.sana.sy\/es\/index.php?rest_route=\/wp\/v2\/posts"}],"about":[{"href":"https:\/\/archive.sana.sy\/es\/index.php?rest_route=\/wp\/v2\/types\/post"}],"author":[{"embeddable":true,"href":"https:\/\/archive.sana.sy\/es\/index.php?rest_route=\/wp\/v2\/users\/35"}],"replies":[{"embeddable":true,"href":"https:\/\/archive.sana.sy\/es\/index.php?rest_route=%2Fwp%2Fv2%2Fcomments&post=324794"}],"version-history":[{"count":2,"href":"https:\/\/archive.sana.sy\/es\/index.php?rest_route=\/wp\/v2\/posts\/324794\/revisions"}],"predecessor-version":[{"id":324797,"href":"https:\/\/archive.sana.sy\/es\/index.php?rest_route=\/wp\/v2\/posts\/324794\/revisions\/324797"}],"wp:featuredmedia":[{"embeddable":true,"href":"https:\/\/archive.sana.sy\/es\/index.php?rest_route=\/wp\/v2\/media\/324795"}],"wp:attachment":[{"href":"https:\/\/archive.sana.sy\/es\/index.php?rest_route=%2Fwp%2Fv2%2Fmedia&parent=324794"}],"wp:term":[{"taxonomy":"category","embeddable":true,"href":"https:\/\/archive.sana.sy\/es\/index.php?rest_route=%2Fwp%2Fv2%2Fcategories&post=324794"},{"taxonomy":"post_tag","embeddable":true,"href":"https:\/\/archive.sana.sy\/es\/index.php?rest_route=%2Fwp%2Fv2%2Ftags&post=324794"}],"curies":[{"name":"wp","href":"https:\/\/api.w.org\/{rel}","templated":true}]}}