{"id":324798,"date":"2024-03-17T09:17:38","date_gmt":"2024-03-17T06:17:38","guid":{"rendered":"https:\/\/sana.sy\/es\/?p=324798"},"modified":"2024-03-17T09:18:13","modified_gmt":"2024-03-17T06:18:13","slug":"niger-suspende-acuerdo-de-cooperacion-militar-con-estados-unidos","status":"publish","type":"post","link":"https:\/\/archive.sana.sy\/es\/?p=324798","title":{"rendered":"N\u00edger suspende acuerdo de cooperaci\u00f3n militar con Estados Unidos"},"content":{"rendered":"<p style=\"text-align: justify;\"><span style=\"color: #800000;\"><strong>Niamey, 17 mar (SANA)<\/strong><\/span>\u00a0 \u00a0N\u00edger cancel\u00f3 el acuerdo de cooperaci\u00f3n militar firmado en 2012 con Estados Unidos.<\/p>\n<p style=\"text-align: justify;\">El portavoz del gobierno nigerino, Amadou Abdul Rahman, afirm\u00f3 en una declaraci\u00f3n transmitida hoy por la televisi\u00f3n estatal, que el gobierno, teniendo en cuenta las aspiraciones y los intereses del pueblo, decidi\u00f3 con toda responsabilidad cancelar, con efecto inmediato, el acuerdo que permite la presencia del personal militar de Estados Unidos y de empleados civiles del Departamento de Defensa de los Estados Unidos en el territorio de N\u00edger.<\/p>\n<p style=\"text-align: justify;\">Abdul Rahman a\u00f1adi\u00f3 que la presencia militar estadounidense es ilegal y viola todas las normas constitucionales y democr\u00e1ticas, subrayando que el acuerdo cancelado es injusto y fue impuesto unilateralmente por Estados Unidos el 6 de julio de 2012.<\/p>\n<p style=\"text-align: justify;\">La decisi\u00f3n se tom\u00f3 despu\u00e9s de la visita de funcionarios estadounidenses a N\u00edger esta semana. Las autoridades nigerinas declararon que Washington viol\u00f3 el protocolo diplom\u00e1tico y no inform\u00f3 a Niamey sobre la composici\u00f3n de la delegaci\u00f3n, la fecha de su llegada y la agenda.<\/p>\n<p style=\"text-align: justify;\">En el norte de N\u00edger existe una base estadounidense de veh\u00edculos a\u00e9reos no tripulados. A finales de 2023, hab\u00eda alrededor de 1.100 militares de EE.UU. en el pa\u00eds.<\/p>\n<p style=\"text-align: justify;\">fm\/ws<\/p>\n","protected":false},"excerpt":{"rendered":"<p>Niamey, 17 mar (SANA)\u00a0 \u00a0N\u00edger cancel\u00f3 el acuerdo de cooperaci\u00f3n militar firmado en 2012 con Estados Unidos. El portavoz del gobierno nigerino, Amadou Abdul Rahman, afirm\u00f3 en una declaraci\u00f3n transmitida hoy por la televisi\u00f3n estatal, que el gobierno, teniendo en cuenta las aspiraciones y los intereses del pueblo, decidi\u00f3 con toda responsabilidad cancelar, con efecto &hellip;<\/p>\n","protected":false},"author":35,"featured_media":324799,"comment_status":"closed","ping_status":"closed","sticky":false,"template":"","format":"standard","meta":{"footnotes":""},"categories":[597,456,16687,20724,7541],"tags":[],"class_list":["post-324798","post","type-post","status-publish","format-standard","has-post-thumbnail","","category-cinta-de-noticias","category-arabe-internacional-politica","category-internacionales","category-minuto-a-minuto","category-ultimas-noticias"],"_links":{"self":[{"href":"https:\/\/archive.sana.sy\/es\/index.php?rest_route=\/wp\/v2\/posts\/324798"}],"collection":[{"href":"https:\/\/archive.sana.sy\/es\/index.php?rest_route=\/wp\/v2\/posts"}],"about":[{"href":"https:\/\/archive.sana.sy\/es\/index.php?rest_route=\/wp\/v2\/types\/post"}],"author":[{"embeddable":true,"href":"https:\/\/archive.sana.sy\/es\/index.php?rest_route=\/wp\/v2\/users\/35"}],"replies":[{"embeddable":true,"href":"https:\/\/archive.sana.sy\/es\/index.php?rest_route=%2Fwp%2Fv2%2Fcomments&post=324798"}],"version-history":[{"count":2,"href":"https:\/\/archive.sana.sy\/es\/index.php?rest_route=\/wp\/v2\/posts\/324798\/revisions"}],"predecessor-version":[{"id":324801,"href":"https:\/\/archive.sana.sy\/es\/index.php?rest_route=\/wp\/v2\/posts\/324798\/revisions\/324801"}],"wp:featuredmedia":[{"embeddable":true,"href":"https:\/\/archive.sana.sy\/es\/index.php?rest_route=\/wp\/v2\/media\/324799"}],"wp:attachment":[{"href":"https:\/\/archive.sana.sy\/es\/index.php?rest_route=%2Fwp%2Fv2%2Fmedia&parent=324798"}],"wp:term":[{"taxonomy":"category","embeddable":true,"href":"https:\/\/archive.sana.sy\/es\/index.php?rest_route=%2Fwp%2Fv2%2Fcategories&post=324798"},{"taxonomy":"post_tag","embeddable":true,"href":"https:\/\/archive.sana.sy\/es\/index.php?rest_route=%2Fwp%2Fv2%2Ftags&post=324798"}],"curies":[{"name":"wp","href":"https:\/\/api.w.org\/{rel}","templated":true}]}}