{"id":324808,"date":"2024-03-17T11:16:00","date_gmt":"2024-03-17T08:16:00","guid":{"rendered":"https:\/\/sana.sy\/es\/?p=324808"},"modified":"2024-03-17T11:17:34","modified_gmt":"2024-03-17T08:17:34","slug":"cazas-rusos-destruyen-una-base-terrorista-en-la-provincia-siria-de-deir-ezzor","status":"publish","type":"post","link":"https:\/\/archive.sana.sy\/es\/?p=324808","title":{"rendered":"Cazas rusos destruyen una base terrorista en la provincia siria de Deir Ezzor"},"content":{"rendered":"<p style=\"text-align: justify;\"><span style=\"color: #800000;\"><strong>Mosc\u00fa, 17 mar (SANA)<\/strong><\/span> El Ministerio de Defensa de Rusia anunci\u00f3 hoy la destrucci\u00f3n de una base de los terroristas del \u201cFrente Al-Nusra\u201d, un grupo proscrito en la lista del terrorismo internacional, en la provincia de Deir Ezzor, a unos 450 kil\u00f3metros al nordeste de Damasco.<\/p>\n<p style=\"text-align: justify;\">El jefe adjunto del Centro de Coordinaci\u00f3n Ruso con sede en Hmeimim\/Latakia, el general Vadim Collet, inform\u00f3 en un comunicado de prensa, que cazabombarderos rusos destruyeron una base de los terroristas del grupo \u201cFrente Al-Nusra\u201d que abandonaron la zona de Al-Tanf en el este de Siria cerca la frontera iraqu\u00ed, y se refugiaron en la cordillera Bishri, en la provincia de Deir Ezzor .<\/p>\n<p style=\"text-align: justify;\">Aclar\u00f3 que el ataque infligi\u00f3 a la agrupaci\u00f3n terrorista p\u00e9rdidas importantes en equipos y personal.<\/p>\n<p style=\"text-align: justify;\">En un contexto relacionado, el general ruso indic\u00f3 que se registraron durante las \u00faltimas 24 horas, 3 ataques contra zonas bajo control gubernamental por parte de los terroristas de \u201cAl-Nousra\u201d desde la zona de desescalada en la provincia septentrional de Idlib.<\/p>\n<p style=\"text-align: justify;\"><strong>fm\/ws<\/strong><\/p>\n","protected":false},"excerpt":{"rendered":"<p>Mosc\u00fa, 17 mar (SANA) El Ministerio de Defensa de Rusia anunci\u00f3 hoy la destrucci\u00f3n de una base de los terroristas del \u201cFrente Al-Nusra\u201d, un grupo proscrito en la lista del terrorismo internacional, en la provincia de Deir Ezzor, a unos 450 kil\u00f3metros al nordeste de Damasco. El jefe adjunto del Centro de Coordinaci\u00f3n Ruso con &hellip;<\/p>\n","protected":false},"author":35,"featured_media":324811,"comment_status":"closed","ping_status":"closed","sticky":false,"template":"","format":"standard","meta":{"footnotes":""},"categories":[477,447,597,20724,476,7541],"tags":[],"class_list":["post-324808","post","type-post","status-publish","format-standard","has-post-thumbnail","","category-noticias-edulcorantes","category-local-politica","category-cinta-de-noticias","category-minuto-a-minuto","category-locales","category-ultimas-noticias"],"_links":{"self":[{"href":"https:\/\/archive.sana.sy\/es\/index.php?rest_route=\/wp\/v2\/posts\/324808"}],"collection":[{"href":"https:\/\/archive.sana.sy\/es\/index.php?rest_route=\/wp\/v2\/posts"}],"about":[{"href":"https:\/\/archive.sana.sy\/es\/index.php?rest_route=\/wp\/v2\/types\/post"}],"author":[{"embeddable":true,"href":"https:\/\/archive.sana.sy\/es\/index.php?rest_route=\/wp\/v2\/users\/35"}],"replies":[{"embeddable":true,"href":"https:\/\/archive.sana.sy\/es\/index.php?rest_route=%2Fwp%2Fv2%2Fcomments&post=324808"}],"version-history":[{"count":2,"href":"https:\/\/archive.sana.sy\/es\/index.php?rest_route=\/wp\/v2\/posts\/324808\/revisions"}],"predecessor-version":[{"id":324812,"href":"https:\/\/archive.sana.sy\/es\/index.php?rest_route=\/wp\/v2\/posts\/324808\/revisions\/324812"}],"wp:featuredmedia":[{"embeddable":true,"href":"https:\/\/archive.sana.sy\/es\/index.php?rest_route=\/wp\/v2\/media\/324811"}],"wp:attachment":[{"href":"https:\/\/archive.sana.sy\/es\/index.php?rest_route=%2Fwp%2Fv2%2Fmedia&parent=324808"}],"wp:term":[{"taxonomy":"category","embeddable":true,"href":"https:\/\/archive.sana.sy\/es\/index.php?rest_route=%2Fwp%2Fv2%2Fcategories&post=324808"},{"taxonomy":"post_tag","embeddable":true,"href":"https:\/\/archive.sana.sy\/es\/index.php?rest_route=%2Fwp%2Fv2%2Ftags&post=324808"}],"curies":[{"name":"wp","href":"https:\/\/api.w.org\/{rel}","templated":true}]}}