{"id":324828,"date":"2024-03-17T14:21:46","date_gmt":"2024-03-17T11:21:46","guid":{"rendered":"https:\/\/sana.sy\/es\/?p=324828"},"modified":"2024-03-17T14:35:21","modified_gmt":"2024-03-17T11:35:21","slug":"los-recientes-desarrollos-de-la-agresion-israeli-contra-gaza","status":"publish","type":"post","link":"https:\/\/archive.sana.sy\/es\/?p=324828","title":{"rendered":"Los recientes desarrollos de la agresi\u00f3n israel\u00ed contra Gaza"},"content":{"rendered":"<p style=\"text-align: justify;\"><span style=\"color: #800000;\"><strong>Jerusal\u00e9n ocupada, 17 mar (SANA)<\/strong> <\/span><strong>A continuaci\u00f3n, los acontecimientos m\u00e1s destacados de la guerra genocida israel\u00ed contra la Franja de Gaza:<\/strong><\/p>\n<p style=\"text-align: justify;\">???????? El Observatorio Euro Mediterr\u00e1neo: el ocupante atac\u00f3 sistem\u00e1ticamente a los expertos en tecnolog\u00eda de la informaci\u00f3n, durante su agresi\u00f3n contra la Franja de Gaza.<\/p>\n<p style=\"text-align: justify;\">???????? La resistencia palestina derrib\u00f3 un dron israel\u00ed \u201cSky Lark\u201d al este de la ciudad de Gaza.<\/p>\n<p style=\"text-align: justify;\">???????? Ministerio de Salud palestino: Durante las \u00faltimas 24 horas, el ocupante israel\u00ed cometi\u00f3 9 masacres en la Franja de Gaza, dejando 92 m\u00e1rtires y 130 heridos.<\/p>\n<p style=\"text-align: justify;\">???????? El n\u00famero de v\u00edctimas durante 163 d\u00edas de agresi\u00f3n israel\u00ed contra la Franja de Gaza ha aumentado a 31.645 muertos y 73.676 heridos.<\/p>\n<p style=\"text-align: justify;\">fm\/as<\/p>\n","protected":false},"excerpt":{"rendered":"<p>Jerusal\u00e9n ocupada, 17 mar (SANA) A continuaci\u00f3n, los acontecimientos m\u00e1s destacados de la guerra genocida israel\u00ed contra la Franja de Gaza: ???????? El Observatorio Euro Mediterr\u00e1neo: el ocupante atac\u00f3 sistem\u00e1ticamente a los expertos en tecnolog\u00eda de la informaci\u00f3n, durante su agresi\u00f3n contra la Franja de Gaza. ???????? La resistencia palestina derrib\u00f3 un dron israel\u00ed \u201cSky &hellip;<\/p>\n","protected":false},"author":34,"featured_media":324829,"comment_status":"closed","ping_status":"closed","sticky":false,"template":"","format":"standard","meta":{"footnotes":""},"categories":[597,456,16687,20724,7541],"tags":[],"class_list":["post-324828","post","type-post","status-publish","format-standard","has-post-thumbnail","","category-cinta-de-noticias","category-arabe-internacional-politica","category-internacionales","category-minuto-a-minuto","category-ultimas-noticias"],"_links":{"self":[{"href":"https:\/\/archive.sana.sy\/es\/index.php?rest_route=\/wp\/v2\/posts\/324828"}],"collection":[{"href":"https:\/\/archive.sana.sy\/es\/index.php?rest_route=\/wp\/v2\/posts"}],"about":[{"href":"https:\/\/archive.sana.sy\/es\/index.php?rest_route=\/wp\/v2\/types\/post"}],"author":[{"embeddable":true,"href":"https:\/\/archive.sana.sy\/es\/index.php?rest_route=\/wp\/v2\/users\/34"}],"replies":[{"embeddable":true,"href":"https:\/\/archive.sana.sy\/es\/index.php?rest_route=%2Fwp%2Fv2%2Fcomments&post=324828"}],"version-history":[{"count":2,"href":"https:\/\/archive.sana.sy\/es\/index.php?rest_route=\/wp\/v2\/posts\/324828\/revisions"}],"predecessor-version":[{"id":324832,"href":"https:\/\/archive.sana.sy\/es\/index.php?rest_route=\/wp\/v2\/posts\/324828\/revisions\/324832"}],"wp:featuredmedia":[{"embeddable":true,"href":"https:\/\/archive.sana.sy\/es\/index.php?rest_route=\/wp\/v2\/media\/324829"}],"wp:attachment":[{"href":"https:\/\/archive.sana.sy\/es\/index.php?rest_route=%2Fwp%2Fv2%2Fmedia&parent=324828"}],"wp:term":[{"taxonomy":"category","embeddable":true,"href":"https:\/\/archive.sana.sy\/es\/index.php?rest_route=%2Fwp%2Fv2%2Fcategories&post=324828"},{"taxonomy":"post_tag","embeddable":true,"href":"https:\/\/archive.sana.sy\/es\/index.php?rest_route=%2Fwp%2Fv2%2Ftags&post=324828"}],"curies":[{"name":"wp","href":"https:\/\/api.w.org\/{rel}","templated":true}]}}