{"id":324833,"date":"2024-03-17T14:39:29","date_gmt":"2024-03-17T11:39:29","guid":{"rendered":"https:\/\/sana.sy\/es\/?p=324833"},"modified":"2024-03-17T14:39:29","modified_gmt":"2024-03-17T11:39:29","slug":"siria-y-venezuela-abogan-por-fortalecer-relaciones-en-los-campos-de-educacion-superior-e-investigacion-cientifica","status":"publish","type":"post","link":"https:\/\/archive.sana.sy\/es\/?p=324833","title":{"rendered":"Siria y Venezuela abogan por fortalecer relaciones en los campos de educaci\u00f3n superior e investigaci\u00f3n cient\u00edfica"},"content":{"rendered":"<p style=\"text-align: justify;\"><span style=\"color: #800000;\"><strong>Damasco, 17 mar (SANA) <\/strong><\/span>El ministro de Educaci\u00f3n Superior e Investigaci\u00f3n Cient\u00edfica, Bassam Ibrahim, recibi\u00f3 hoy al embajador de la Rep\u00fablica Bolivariana de Venezuela en Damasco, Jos\u00e9 Gregorio Biomorgi Mousates.<\/p>\n<p style=\"text-align: justify;\">Las dos partes repasaron las v\u00edas para desarrollar los lazos de cooperaci\u00f3n cient\u00edfica y cultural, a trav\u00e9s de los convenios de intercambio de becas, intercambio de visitas de profesores y estudiantes, y realizar actividades cient\u00edficas y culturales conjuntas.<\/p>\n<p style=\"text-align: justify;\">El titular sirio destac\u00f3 la importancia de concertar acuerdos acad\u00e9micos en los campos de educaci\u00f3n superior e investigaci\u00f3n cient\u00edfica, y establecer relaciones cient\u00edficas y de investigaci\u00f3n entre las universidades e instituciones en ambos pa\u00edses.<\/p>\n<p style=\"text-align: justify;\">Por su parte, el embajador de la naci\u00f3n sudamericana expres\u00f3 el inter\u00e9s de renovar el acuerdo de cooperaci\u00f3n cient\u00edfica y trabajar para un proyecto de acuerdo cient\u00edfico entre la Universidad de Damasco y el Instituto Venezolano de Investigaciones en los campos de la salud, la agricultura y la industria.<\/p>\n<p style=\"text-align: justify;\">Venezuela y Siria se unen por relaciones s\u00f3lidas a lo largo de la historia y acuerdos conjuntos en todos los campos, agreg\u00f3.<\/p>\n<p style=\"text-align: justify;\">ws\/fm<\/p>\n","protected":false},"excerpt":{"rendered":"<p>Damasco, 17 mar (SANA) El ministro de Educaci\u00f3n Superior e Investigaci\u00f3n Cient\u00edfica, Bassam Ibrahim, recibi\u00f3 hoy al embajador de la Rep\u00fablica Bolivariana de Venezuela en Damasco, Jos\u00e9 Gregorio Biomorgi Mousates. Las dos partes repasaron las v\u00edas para desarrollar los lazos de cooperaci\u00f3n cient\u00edfica y cultural, a trav\u00e9s de los convenios de intercambio de becas, intercambio &hellip;<\/p>\n","protected":false},"author":42,"featured_media":324834,"comment_status":"closed","ping_status":"closed","sticky":false,"template":"","format":"standard","meta":{"footnotes":""},"categories":[597,20724,467,7541],"tags":[],"class_list":["post-324833","post","type-post","status-publish","format-standard","has-post-thumbnail","","category-cinta-de-noticias","category-minuto-a-minuto","category-siria-y-el-mundo","category-ultimas-noticias"],"_links":{"self":[{"href":"https:\/\/archive.sana.sy\/es\/index.php?rest_route=\/wp\/v2\/posts\/324833"}],"collection":[{"href":"https:\/\/archive.sana.sy\/es\/index.php?rest_route=\/wp\/v2\/posts"}],"about":[{"href":"https:\/\/archive.sana.sy\/es\/index.php?rest_route=\/wp\/v2\/types\/post"}],"author":[{"embeddable":true,"href":"https:\/\/archive.sana.sy\/es\/index.php?rest_route=\/wp\/v2\/users\/42"}],"replies":[{"embeddable":true,"href":"https:\/\/archive.sana.sy\/es\/index.php?rest_route=%2Fwp%2Fv2%2Fcomments&post=324833"}],"version-history":[{"count":1,"href":"https:\/\/archive.sana.sy\/es\/index.php?rest_route=\/wp\/v2\/posts\/324833\/revisions"}],"predecessor-version":[{"id":324835,"href":"https:\/\/archive.sana.sy\/es\/index.php?rest_route=\/wp\/v2\/posts\/324833\/revisions\/324835"}],"wp:featuredmedia":[{"embeddable":true,"href":"https:\/\/archive.sana.sy\/es\/index.php?rest_route=\/wp\/v2\/media\/324834"}],"wp:attachment":[{"href":"https:\/\/archive.sana.sy\/es\/index.php?rest_route=%2Fwp%2Fv2%2Fmedia&parent=324833"}],"wp:term":[{"taxonomy":"category","embeddable":true,"href":"https:\/\/archive.sana.sy\/es\/index.php?rest_route=%2Fwp%2Fv2%2Fcategories&post=324833"},{"taxonomy":"post_tag","embeddable":true,"href":"https:\/\/archive.sana.sy\/es\/index.php?rest_route=%2Fwp%2Fv2%2Ftags&post=324833"}],"curies":[{"name":"wp","href":"https:\/\/api.w.org\/{rel}","templated":true}]}}