{"id":324836,"date":"2024-03-17T14:55:27","date_gmt":"2024-03-17T11:55:27","guid":{"rendered":"https:\/\/sana.sy\/es\/?p=324836"},"modified":"2024-03-17T16:22:49","modified_gmt":"2024-03-17T13:22:49","slug":"presidente-de-iraq-ratifica-apoyo-de-su-pais-a-la-seguridad-y-estabilidad-de-siria","status":"publish","type":"post","link":"https:\/\/archive.sana.sy\/es\/?p=324836","title":{"rendered":"Presidente de Iraq ratifica apoyo de su pa\u00eds a la seguridad y estabilidad de Siria"},"content":{"rendered":"<p style=\"text-align: justify;\"><span style=\"color: #800000;\"><strong>Bagdad, 17 mar (SANA)<\/strong><\/span> El presidente iraqu\u00ed, Abdul Latif Jamal Rashid, repas\u00f3 hoy con el embajador sirio en Bagdad, Sattam Jadaan Al-Dandah, las formas de consolidar la cooperaci\u00f3n entre los dos pa\u00edses vecinos.<\/p>\n<p style=\"text-align: justify;\">De acuerdo con la Oficina de Prensa de la Presidencia de la Rep\u00fablica de Iraq, \u201cel mandatario destac\u00f3 durante la reuni\u00f3n la importancia de consolidar las relaciones entre los dos pa\u00edses y ampliar la cooperaci\u00f3n conjunta de una manera que favorezca a los intereses mutuos de los dos pueblos&#8221;.<\/p>\n<p style=\"text-align: justify;\">Ratific\u00f3 el apoyo de Bagdad a la seguridad, estabilidad y paz en Siria de manera que logre el bienestar y la prosperidad del pueblo sirio.<\/p>\n<p style=\"text-align: justify;\">Apoyamos la causa palestina y es necesario detener la actual agresi\u00f3n israel\u00ed contra Gaza y alcanzar el derecho del pueblo palestino a la autodeterminaci\u00f3n y al establecimiento de su Estado independiente, afirm\u00f3 el Gobernante.<\/p>\n<p style=\"text-align: justify;\">A su vez, el embajador sirio dijo que durante la reuni\u00f3n, fueron examinadas las formas de hacer avanzar las relaciones bilaterales hacia perspectivas m\u00e1s amplias en todos los campos pol\u00edticos y econ\u00f3micos.<\/p>\n<p style=\"text-align: justify;\">Manifest\u00f3 el deseo de Siria de activar una acci\u00f3n bilateral conjunta para lograr el m\u00e1ximo intereses de los dos pa\u00edses y de sus pueblos.<\/p>\n<p style=\"text-align: justify;\">fm\/as<\/p>\n","protected":false},"excerpt":{"rendered":"<p>Bagdad, 17 mar (SANA) El presidente iraqu\u00ed, Abdul Latif Jamal Rashid, repas\u00f3 hoy con el embajador sirio en Bagdad, Sattam Jadaan Al-Dandah, las formas de consolidar la cooperaci\u00f3n entre los dos pa\u00edses vecinos. De acuerdo con la Oficina de Prensa de la Presidencia de la Rep\u00fablica de Iraq, \u201cel mandatario destac\u00f3 durante la reuni\u00f3n la &hellip;<\/p>\n","protected":false},"author":42,"featured_media":324838,"comment_status":"closed","ping_status":"closed","sticky":false,"template":"","format":"standard","meta":{"footnotes":""},"categories":[597,20724,467,583],"tags":[],"class_list":["post-324836","post","type-post","status-publish","format-standard","has-post-thumbnail","","category-cinta-de-noticias","category-minuto-a-minuto","category-siria-y-el-mundo","category-slide"],"_links":{"self":[{"href":"https:\/\/archive.sana.sy\/es\/index.php?rest_route=\/wp\/v2\/posts\/324836"}],"collection":[{"href":"https:\/\/archive.sana.sy\/es\/index.php?rest_route=\/wp\/v2\/posts"}],"about":[{"href":"https:\/\/archive.sana.sy\/es\/index.php?rest_route=\/wp\/v2\/types\/post"}],"author":[{"embeddable":true,"href":"https:\/\/archive.sana.sy\/es\/index.php?rest_route=\/wp\/v2\/users\/42"}],"replies":[{"embeddable":true,"href":"https:\/\/archive.sana.sy\/es\/index.php?rest_route=%2Fwp%2Fv2%2Fcomments&post=324836"}],"version-history":[{"count":1,"href":"https:\/\/archive.sana.sy\/es\/index.php?rest_route=\/wp\/v2\/posts\/324836\/revisions"}],"predecessor-version":[{"id":324839,"href":"https:\/\/archive.sana.sy\/es\/index.php?rest_route=\/wp\/v2\/posts\/324836\/revisions\/324839"}],"wp:featuredmedia":[{"embeddable":true,"href":"https:\/\/archive.sana.sy\/es\/index.php?rest_route=\/wp\/v2\/media\/324838"}],"wp:attachment":[{"href":"https:\/\/archive.sana.sy\/es\/index.php?rest_route=%2Fwp%2Fv2%2Fmedia&parent=324836"}],"wp:term":[{"taxonomy":"category","embeddable":true,"href":"https:\/\/archive.sana.sy\/es\/index.php?rest_route=%2Fwp%2Fv2%2Fcategories&post=324836"},{"taxonomy":"post_tag","embeddable":true,"href":"https:\/\/archive.sana.sy\/es\/index.php?rest_route=%2Fwp%2Fv2%2Ftags&post=324836"}],"curies":[{"name":"wp","href":"https:\/\/api.w.org\/{rel}","templated":true}]}}