{"id":324844,"date":"2024-03-17T16:21:34","date_gmt":"2024-03-17T13:21:34","guid":{"rendered":"https:\/\/sana.sy\/es\/?p=324844"},"modified":"2024-03-17T16:26:56","modified_gmt":"2024-03-17T13:26:56","slug":"canciller-sirio-y-enviado-de-la-onu-analizan-situacion-humanitaria-en-siria","status":"publish","type":"post","link":"https:\/\/archive.sana.sy\/es\/?p=324844","title":{"rendered":"Canciller sirio y enviado de la ONU analizan situaci\u00f3n humanitaria en Siria"},"content":{"rendered":"<p style=\"text-align: justify;\"><span style=\"color: #800000;\"><strong>Damasco, 17 mar (SANA)<\/strong> <\/span>El ministro sirio de Asuntos Exteriores y Expatriados, Faisal Al-Mekdad, recibi\u00f3 hoy en la sede de la Canciller\u00eda en esta capital, al enviado especial del Secretario General de las Naciones Unidas para Siria, Geir Pedersen.<\/p>\n<p style=\"text-align: justify;\">Las conversaciones durante el encuentro abordaron la cooperaci\u00f3n existente entre Siria y las Naciones Unidas, y las facilidades proporcionadas por el gobierno sirio a las oficinas de la ONU en Siria, incluida la Oficina del Enviado Especial.<\/p>\n<p style=\"text-align: justify;\">El Canciller explic\u00f3 los esfuerzos del gobierno sirio para mejorar la situaci\u00f3n humanitaria en Siria y lograr la recuperaci\u00f3n.<\/p>\n<p style=\"text-align: justify;\">Denunci\u00f3 los efectos catastr\u00f3ficos e inhumanos sobre el pueblo sirio resultantes de las medidas coercitivas unilaterales ilegales impuestas por Estados Unidos y sus aliados occidentales.<\/p>\n<p style=\"text-align: justify;\">El jefe de la diplomacia siria destac\u00f3 la necesidad de que las Naciones Unidas asuma sus responsabilidades y cese las violaciones de la soberan\u00eda siria resultantes de las repetidas agresiones israel\u00edes contra el territorio sirio y la presencia ilegal de fuerzas estadounidenses y turcas.<\/p>\n<p style=\"text-align: justify;\">Por su parte, Pedersen explic\u00f3 los contactos que realiz\u00f3 recientemente para llevar a cabo su misi\u00f3n.<\/p>\n<p style=\"text-align: justify;\">Destac\u00f3 la necesidad de que todas las partes relevantes respeten la soberan\u00eda y la integridad y unidad del territorio y del pueblo de Siria.<\/p>\n<p style=\"text-align: justify;\">El enviado de la ONU subray\u00f3 la importancia de todos los pa\u00edses que implementen sus obligaciones en virtud de la Carta de las Naciones Unidas para restaurar la seguridad y estabilidad en toda la Rep\u00fablica \u00c1rabe Siria.<\/p>\n<p style=\"text-align: justify;\">fm\/as<\/p>\n","protected":false},"excerpt":{"rendered":"<p>Damasco, 17 mar (SANA) El ministro sirio de Asuntos Exteriores y Expatriados, Faisal Al-Mekdad, recibi\u00f3 hoy en la sede de la Canciller\u00eda en esta capital, al enviado especial del Secretario General de las Naciones Unidas para Siria, Geir Pedersen. Las conversaciones durante el encuentro abordaron la cooperaci\u00f3n existente entre Siria y las Naciones Unidas, y &hellip;<\/p>\n","protected":false},"author":42,"featured_media":324848,"comment_status":"closed","ping_status":"closed","sticky":false,"template":"","format":"standard","meta":{"footnotes":""},"categories":[597,20724,467,583],"tags":[],"class_list":["post-324844","post","type-post","status-publish","format-standard","has-post-thumbnail","","category-cinta-de-noticias","category-minuto-a-minuto","category-siria-y-el-mundo","category-slide"],"_links":{"self":[{"href":"https:\/\/archive.sana.sy\/es\/index.php?rest_route=\/wp\/v2\/posts\/324844"}],"collection":[{"href":"https:\/\/archive.sana.sy\/es\/index.php?rest_route=\/wp\/v2\/posts"}],"about":[{"href":"https:\/\/archive.sana.sy\/es\/index.php?rest_route=\/wp\/v2\/types\/post"}],"author":[{"embeddable":true,"href":"https:\/\/archive.sana.sy\/es\/index.php?rest_route=\/wp\/v2\/users\/42"}],"replies":[{"embeddable":true,"href":"https:\/\/archive.sana.sy\/es\/index.php?rest_route=%2Fwp%2Fv2%2Fcomments&post=324844"}],"version-history":[{"count":1,"href":"https:\/\/archive.sana.sy\/es\/index.php?rest_route=\/wp\/v2\/posts\/324844\/revisions"}],"predecessor-version":[{"id":324846,"href":"https:\/\/archive.sana.sy\/es\/index.php?rest_route=\/wp\/v2\/posts\/324844\/revisions\/324846"}],"wp:featuredmedia":[{"embeddable":true,"href":"https:\/\/archive.sana.sy\/es\/index.php?rest_route=\/wp\/v2\/media\/324848"}],"wp:attachment":[{"href":"https:\/\/archive.sana.sy\/es\/index.php?rest_route=%2Fwp%2Fv2%2Fmedia&parent=324844"}],"wp:term":[{"taxonomy":"category","embeddable":true,"href":"https:\/\/archive.sana.sy\/es\/index.php?rest_route=%2Fwp%2Fv2%2Fcategories&post=324844"},{"taxonomy":"post_tag","embeddable":true,"href":"https:\/\/archive.sana.sy\/es\/index.php?rest_route=%2Fwp%2Fv2%2Ftags&post=324844"}],"curies":[{"name":"wp","href":"https:\/\/api.w.org\/{rel}","templated":true}]}}