{"id":324861,"date":"2024-03-17T17:54:01","date_gmt":"2024-03-17T14:54:01","guid":{"rendered":"https:\/\/sana.sy\/es\/?p=324861"},"modified":"2024-03-17T18:20:37","modified_gmt":"2024-03-17T15:20:37","slug":"fuerzas-israelies-cometen-9-masacres-y-asesinan-a-92-palestinos","status":"publish","type":"post","link":"https:\/\/archive.sana.sy\/es\/?p=324861","title":{"rendered":"Fuerzas israel\u00edes cometen 9 masacres y asesinan a 92 palestinos"},"content":{"rendered":"<p style=\"text-align: justify;\"><span style=\"color: #800000;\"><strong>Jerusal\u00e9n ocupada, 17 mar (SANA)<\/strong><\/span> El Ministerio palestino de Salud revel\u00f3 hoy que el ej\u00e9rcito de ocupaci\u00f3n israel\u00ed cometi\u00f3 9 masacres en la Franja de Gaza durante las \u00faltimas 24 horas, que cobraron la vida de 92 palestinos e hirieron a otros 130.<\/p>\n<p style=\"text-align: justify;\">En un comunicado, el ente de salud revel\u00f3 que la cifra de v\u00edctimas durante 163 d\u00edas ha aumentado a 31.645 muertos y 73.676 heridos.<\/p>\n<p style=\"text-align: justify;\">Aclar\u00f3 que un gran n\u00famero de v\u00edctimas todav\u00eda se encuentran bajo los escombros y en las carreteras, ya que el ocupante impide que las ambulancias y los equipos de defensa civil lleguen a ellos.<\/p>\n<p style=\"text-align: justify;\">aas\/fm<\/p>\n","protected":false},"excerpt":{"rendered":"<p>Jerusal\u00e9n ocupada, 17 mar (SANA) El Ministerio palestino de Salud revel\u00f3 hoy que el ej\u00e9rcito de ocupaci\u00f3n israel\u00ed cometi\u00f3 9 masacres en la Franja de Gaza durante las \u00faltimas 24 horas, que cobraron la vida de 92 palestinos e hirieron a otros 130. En un comunicado, el ente de salud revel\u00f3 que la cifra de &hellip;<\/p>\n","protected":false},"author":42,"featured_media":324864,"comment_status":"closed","ping_status":"closed","sticky":false,"template":"","format":"standard","meta":{"footnotes":""},"categories":[597,456,16687,20724,7541],"tags":[],"class_list":["post-324861","post","type-post","status-publish","format-standard","has-post-thumbnail","","category-cinta-de-noticias","category-arabe-internacional-politica","category-internacionales","category-minuto-a-minuto","category-ultimas-noticias"],"_links":{"self":[{"href":"https:\/\/archive.sana.sy\/es\/index.php?rest_route=\/wp\/v2\/posts\/324861"}],"collection":[{"href":"https:\/\/archive.sana.sy\/es\/index.php?rest_route=\/wp\/v2\/posts"}],"about":[{"href":"https:\/\/archive.sana.sy\/es\/index.php?rest_route=\/wp\/v2\/types\/post"}],"author":[{"embeddable":true,"href":"https:\/\/archive.sana.sy\/es\/index.php?rest_route=\/wp\/v2\/users\/42"}],"replies":[{"embeddable":true,"href":"https:\/\/archive.sana.sy\/es\/index.php?rest_route=%2Fwp%2Fv2%2Fcomments&post=324861"}],"version-history":[{"count":1,"href":"https:\/\/archive.sana.sy\/es\/index.php?rest_route=\/wp\/v2\/posts\/324861\/revisions"}],"predecessor-version":[{"id":324863,"href":"https:\/\/archive.sana.sy\/es\/index.php?rest_route=\/wp\/v2\/posts\/324861\/revisions\/324863"}],"wp:featuredmedia":[{"embeddable":true,"href":"https:\/\/archive.sana.sy\/es\/index.php?rest_route=\/wp\/v2\/media\/324864"}],"wp:attachment":[{"href":"https:\/\/archive.sana.sy\/es\/index.php?rest_route=%2Fwp%2Fv2%2Fmedia&parent=324861"}],"wp:term":[{"taxonomy":"category","embeddable":true,"href":"https:\/\/archive.sana.sy\/es\/index.php?rest_route=%2Fwp%2Fv2%2Fcategories&post=324861"},{"taxonomy":"post_tag","embeddable":true,"href":"https:\/\/archive.sana.sy\/es\/index.php?rest_route=%2Fwp%2Fv2%2Ftags&post=324861"}],"curies":[{"name":"wp","href":"https:\/\/api.w.org\/{rel}","templated":true}]}}