{"id":324865,"date":"2024-03-17T18:23:19","date_gmt":"2024-03-17T15:23:19","guid":{"rendered":"https:\/\/sana.sy\/es\/?p=324865"},"modified":"2024-03-17T18:23:19","modified_gmt":"2024-03-17T15:23:19","slug":"en-nombre-de-la-humanidad-la-oms-insta-a-israel-a-evitar-ataque-terrestre-contra-ciudad-de-rafah","status":"publish","type":"post","link":"https:\/\/archive.sana.sy\/es\/?p=324865","title":{"rendered":"En nombre de la Humanidad, la OMS insta a Israel a evitar ataque terrestre contra ciudad de Rafah"},"content":{"rendered":"<p style=\"text-align: justify;\"><span style=\"color: #800000;\"><strong>Jerusal\u00e9n ocupada, 17 mar (SANA)<\/strong><\/span> El director general de la Organizaci\u00f3n Mundial de la Salud (OMS), Tedros Adhanom Ghebreyesus, reiter\u00f3 su rechazo a una ofensiva militar israel\u00ed contra la ciudad gazat\u00ed de Rafah, atestada de refugiados.<\/p>\n<p>\u201cMe preocupan gravemente los informes sobre un plan israel\u00ed para proceder con un asalto terrestre a Rafah\u201d, escribi\u00f3 el funcionario en su cuenta en X citado por Prensa Latina.<\/p>\n<p style=\"text-align: justify;\">Adhanom Ghebreyesus alert\u00f3 que una mayor escalada de violencia en esa zona densamente poblada provocar\u00eda muchas m\u00e1s muertes y sufrimiento, especialmente con las instalaciones de salud ya desbordadas.<\/p>\n<p style=\"text-align: justify;\">En nombre de la Humanidad, apelo a Israel para no lanzar la operaci\u00f3n y dialogar para avanzar en el camino de la paz, expres\u00f3.<\/p>\n<p style=\"text-align: justify;\">Record\u00f3 que en esa zona se refugian en la actualidad m\u00e1s de un mill\u00f3n de palestinos, que abandonaron sus hogares para escapar de las bombas.<\/p>\n<p style=\"text-align: justify;\">fm\/as<\/p>\n","protected":false},"excerpt":{"rendered":"<p>Jerusal\u00e9n ocupada, 17 mar (SANA) El director general de la Organizaci\u00f3n Mundial de la Salud (OMS), Tedros Adhanom Ghebreyesus, reiter\u00f3 su rechazo a una ofensiva militar israel\u00ed contra la ciudad gazat\u00ed de Rafah, atestada de refugiados. \u201cMe preocupan gravemente los informes sobre un plan israel\u00ed para proceder con un asalto terrestre a Rafah\u201d, escribi\u00f3 el &hellip;<\/p>\n","protected":false},"author":42,"featured_media":324866,"comment_status":"closed","ping_status":"closed","sticky":false,"template":"","format":"standard","meta":{"footnotes":""},"categories":[597,456,16687,20724,7541],"tags":[],"class_list":["post-324865","post","type-post","status-publish","format-standard","has-post-thumbnail","","category-cinta-de-noticias","category-arabe-internacional-politica","category-internacionales","category-minuto-a-minuto","category-ultimas-noticias"],"_links":{"self":[{"href":"https:\/\/archive.sana.sy\/es\/index.php?rest_route=\/wp\/v2\/posts\/324865"}],"collection":[{"href":"https:\/\/archive.sana.sy\/es\/index.php?rest_route=\/wp\/v2\/posts"}],"about":[{"href":"https:\/\/archive.sana.sy\/es\/index.php?rest_route=\/wp\/v2\/types\/post"}],"author":[{"embeddable":true,"href":"https:\/\/archive.sana.sy\/es\/index.php?rest_route=\/wp\/v2\/users\/42"}],"replies":[{"embeddable":true,"href":"https:\/\/archive.sana.sy\/es\/index.php?rest_route=%2Fwp%2Fv2%2Fcomments&post=324865"}],"version-history":[{"count":1,"href":"https:\/\/archive.sana.sy\/es\/index.php?rest_route=\/wp\/v2\/posts\/324865\/revisions"}],"predecessor-version":[{"id":324867,"href":"https:\/\/archive.sana.sy\/es\/index.php?rest_route=\/wp\/v2\/posts\/324865\/revisions\/324867"}],"wp:featuredmedia":[{"embeddable":true,"href":"https:\/\/archive.sana.sy\/es\/index.php?rest_route=\/wp\/v2\/media\/324866"}],"wp:attachment":[{"href":"https:\/\/archive.sana.sy\/es\/index.php?rest_route=%2Fwp%2Fv2%2Fmedia&parent=324865"}],"wp:term":[{"taxonomy":"category","embeddable":true,"href":"https:\/\/archive.sana.sy\/es\/index.php?rest_route=%2Fwp%2Fv2%2Fcategories&post=324865"},{"taxonomy":"post_tag","embeddable":true,"href":"https:\/\/archive.sana.sy\/es\/index.php?rest_route=%2Fwp%2Fv2%2Ftags&post=324865"}],"curies":[{"name":"wp","href":"https:\/\/api.w.org\/{rel}","templated":true}]}}