{"id":324890,"date":"2024-03-18T11:41:46","date_gmt":"2024-03-18T08:41:46","guid":{"rendered":"https:\/\/sana.sy\/es\/?p=324890"},"modified":"2024-03-18T11:42:06","modified_gmt":"2024-03-18T08:42:06","slug":"decenas-de-muertos-y-heridos-en-nueva-oleada-de-bombardeos-israelies-contra-gaza","status":"publish","type":"post","link":"https:\/\/archive.sana.sy\/es\/?p=324890","title":{"rendered":"Decenas de muertos y heridos en nueva oleada de bombardeos israel\u00edes contra Gaza"},"content":{"rendered":"<blockquote>\n<p style=\"text-align: justify;\"><span style=\"color: #800000;\">El Complejo M\u00e9dico Al-Shifa, al oeste del enclave costero fue blanco de intensos disparos por los militares sionistas quienes sitiaron el edificio que alberga a cientos de desplazados, pacientes, personal m\u00e9dico y periodistas.<\/span><\/p>\n<\/blockquote>\n<p style=\"text-align: justify;\"><span style=\"color: #800000;\"><strong>Jerusal\u00e9n ocupada, 18 mar (SANA)\u00a0<\/strong><\/span> \u00a0Cinco meses y medio despu\u00e9s del inicio de la agresi\u00f3n israel\u00ed contra la Franja de Gaza e \u201cIsrael\u201d persiste en sus masacres y actos atroces contra los gazat\u00edes.<\/p>\n<p style=\"text-align: justify;\">La agencia oficial de noticias Wafa inform\u00f3 que nueve palestinos murieron y otros resultaron heridos en bombardeo a\u00e9reo israel\u00ed contra una vivienda en el campo de Nuseirat en el centro de Gaza.<\/p>\n<p style=\"text-align: justify;\">Tambi\u00e9n, el Complejo M\u00e9dico Al-Shifa al oeste del enclave costero fue blanco de intensos disparos por los militares sionistas quienes sitiaron el edificio que alberga a cientos de desplazados, pacientes, personal m\u00e9dico y periodistas.<\/p>\n<p style=\"text-align: justify;\">El hecho provoc\u00f3 la muerte y la lesi\u00f3n de varios civiles palestinos mientras las fuerzas sionistas lanzaron un ataque directo contra el Departamento de Cirug\u00eda Especializada, lo que provoc\u00f3 un gran incendio dentro sus cl\u00ednicas.<\/p>\n<p style=\"text-align: justify;\">En el sur de Gaza, los aviones de guerra israel\u00edes bombardearon una casa en el barrio de Tal Al-Hawa, mientras la artiller\u00eda dispar\u00f3 contra zonas en el centro y el oeste de la ciudad de Jan Yunis, al sur de Gaza.<\/p>\n<p style=\"text-align: justify;\">Hasta el momento, 31 mil 645 palestinos han muerto y otros 73 mil 676 fueron lesionados por la violenta agresi\u00f3n de Tel Aviv contra Gaza, donde la situaci\u00f3n humanitaria es catastr\u00f3fica en medio del silencio y el desamparo internacional ante el genocidio contra los palestinos.<\/p>\n<p style=\"text-align: justify;\"><span style=\"color: #800000;\"><strong>ws\/fm<\/strong><\/span><\/p>\n","protected":false},"excerpt":{"rendered":"<p>El Complejo M\u00e9dico Al-Shifa, al oeste del enclave costero fue blanco de intensos disparos por los militares sionistas quienes sitiaron el edificio que alberga a cientos de desplazados, pacientes, personal m\u00e9dico y periodistas. Jerusal\u00e9n ocupada, 18 mar (SANA)\u00a0 \u00a0Cinco meses y medio despu\u00e9s del inicio de la agresi\u00f3n israel\u00ed contra la Franja de Gaza e &hellip;<\/p>\n","protected":false},"author":35,"featured_media":324891,"comment_status":"closed","ping_status":"closed","sticky":false,"template":"","format":"standard","meta":{"footnotes":""},"categories":[597,456,16687,20724,7541],"tags":[],"class_list":["post-324890","post","type-post","status-publish","format-standard","has-post-thumbnail","","category-cinta-de-noticias","category-arabe-internacional-politica","category-internacionales","category-minuto-a-minuto","category-ultimas-noticias"],"_links":{"self":[{"href":"https:\/\/archive.sana.sy\/es\/index.php?rest_route=\/wp\/v2\/posts\/324890"}],"collection":[{"href":"https:\/\/archive.sana.sy\/es\/index.php?rest_route=\/wp\/v2\/posts"}],"about":[{"href":"https:\/\/archive.sana.sy\/es\/index.php?rest_route=\/wp\/v2\/types\/post"}],"author":[{"embeddable":true,"href":"https:\/\/archive.sana.sy\/es\/index.php?rest_route=\/wp\/v2\/users\/35"}],"replies":[{"embeddable":true,"href":"https:\/\/archive.sana.sy\/es\/index.php?rest_route=%2Fwp%2Fv2%2Fcomments&post=324890"}],"version-history":[{"count":2,"href":"https:\/\/archive.sana.sy\/es\/index.php?rest_route=\/wp\/v2\/posts\/324890\/revisions"}],"predecessor-version":[{"id":324893,"href":"https:\/\/archive.sana.sy\/es\/index.php?rest_route=\/wp\/v2\/posts\/324890\/revisions\/324893"}],"wp:featuredmedia":[{"embeddable":true,"href":"https:\/\/archive.sana.sy\/es\/index.php?rest_route=\/wp\/v2\/media\/324891"}],"wp:attachment":[{"href":"https:\/\/archive.sana.sy\/es\/index.php?rest_route=%2Fwp%2Fv2%2Fmedia&parent=324890"}],"wp:term":[{"taxonomy":"category","embeddable":true,"href":"https:\/\/archive.sana.sy\/es\/index.php?rest_route=%2Fwp%2Fv2%2Fcategories&post=324890"},{"taxonomy":"post_tag","embeddable":true,"href":"https:\/\/archive.sana.sy\/es\/index.php?rest_route=%2Fwp%2Fv2%2Ftags&post=324890"}],"curies":[{"name":"wp","href":"https:\/\/api.w.org\/{rel}","templated":true}]}}