{"id":324899,"date":"2024-03-18T13:41:17","date_gmt":"2024-03-18T10:41:17","guid":{"rendered":"https:\/\/sana.sy\/es\/?p=324899"},"modified":"2024-03-18T13:41:38","modified_gmt":"2024-03-18T10:41:38","slug":"el-ataque-israeli-al-complejo-medico-al-shifa-constituye-un-crimen-de-guerra","status":"publish","type":"post","link":"https:\/\/archive.sana.sy\/es\/?p=324899","title":{"rendered":"El ataque israel\u00ed al complejo m\u00e9dico Al-Shifa constituye un crimen de guerra"},"content":{"rendered":"<p style=\"text-align: justify;\"><strong><span style=\"color: #800000;\">Jerusal\u00e9n ocupada, 18 mar (SANA)<\/span>\u00a0<\/strong> La Oficina de Prensa en Gaza afirm\u00f3 hoy que bombardear con aviones y artiller\u00eda al complejo m\u00e9dico Al-Shifa y asaltarlo por parte de las fuerzas de ocupaci\u00f3n israel\u00edes constituye un crimen de guerra, y forma parte de los planes del ocupante israel\u00ed de atentar contra el sector de salud y destruir los hospitales en Gaza.<\/p>\n<p style=\"text-align: justify;\">Las tropas sionistas allanaron en el centro hospitalario, causando miedo y p\u00e1nico entre los heridos, enfermos y desplazados, y amenazando la vida de miles de personas que se encuentran en el Complejo, indic\u00f3 la Oficina en un comunicado.<\/p>\n<p style=\"text-align: justify;\">Conden\u00f3 este crimen en los t\u00e9rminos m\u00e1s en\u00e9rgicos y se\u00f1al\u00f3 que la administraci\u00f3n estadounidense y la comunidad internacional asuman la plena responsabilidad por la seguridad y la vida del personal m\u00e9dico, los heridos, los enfermos y los desplazados en el complejo.<\/p>\n<p style=\"text-align: justify;\"><span style=\"color: #800000;\">ed\/fm\/ws<\/span><\/p>\n","protected":false},"excerpt":{"rendered":"<p>Jerusal\u00e9n ocupada, 18 mar (SANA)\u00a0 La Oficina de Prensa en Gaza afirm\u00f3 hoy que bombardear con aviones y artiller\u00eda al complejo m\u00e9dico Al-Shifa y asaltarlo por parte de las fuerzas de ocupaci\u00f3n israel\u00edes constituye un crimen de guerra, y forma parte de los planes del ocupante israel\u00ed de atentar contra el sector de salud y &hellip;<\/p>\n","protected":false},"author":35,"featured_media":324900,"comment_status":"closed","ping_status":"closed","sticky":false,"template":"","format":"standard","meta":{"footnotes":""},"categories":[597,456,16687,20724,7541],"tags":[],"class_list":["post-324899","post","type-post","status-publish","format-standard","has-post-thumbnail","","category-cinta-de-noticias","category-arabe-internacional-politica","category-internacionales","category-minuto-a-minuto","category-ultimas-noticias"],"_links":{"self":[{"href":"https:\/\/archive.sana.sy\/es\/index.php?rest_route=\/wp\/v2\/posts\/324899"}],"collection":[{"href":"https:\/\/archive.sana.sy\/es\/index.php?rest_route=\/wp\/v2\/posts"}],"about":[{"href":"https:\/\/archive.sana.sy\/es\/index.php?rest_route=\/wp\/v2\/types\/post"}],"author":[{"embeddable":true,"href":"https:\/\/archive.sana.sy\/es\/index.php?rest_route=\/wp\/v2\/users\/35"}],"replies":[{"embeddable":true,"href":"https:\/\/archive.sana.sy\/es\/index.php?rest_route=%2Fwp%2Fv2%2Fcomments&post=324899"}],"version-history":[{"count":2,"href":"https:\/\/archive.sana.sy\/es\/index.php?rest_route=\/wp\/v2\/posts\/324899\/revisions"}],"predecessor-version":[{"id":324902,"href":"https:\/\/archive.sana.sy\/es\/index.php?rest_route=\/wp\/v2\/posts\/324899\/revisions\/324902"}],"wp:featuredmedia":[{"embeddable":true,"href":"https:\/\/archive.sana.sy\/es\/index.php?rest_route=\/wp\/v2\/media\/324900"}],"wp:attachment":[{"href":"https:\/\/archive.sana.sy\/es\/index.php?rest_route=%2Fwp%2Fv2%2Fmedia&parent=324899"}],"wp:term":[{"taxonomy":"category","embeddable":true,"href":"https:\/\/archive.sana.sy\/es\/index.php?rest_route=%2Fwp%2Fv2%2Fcategories&post=324899"},{"taxonomy":"post_tag","embeddable":true,"href":"https:\/\/archive.sana.sy\/es\/index.php?rest_route=%2Fwp%2Fv2%2Ftags&post=324899"}],"curies":[{"name":"wp","href":"https:\/\/api.w.org\/{rel}","templated":true}]}}