{"id":324907,"date":"2024-03-18T14:26:57","date_gmt":"2024-03-18T11:26:57","guid":{"rendered":"http:\/\/sana.sy\/es\/?p=324907"},"modified":"2024-03-18T14:26:57","modified_gmt":"2024-03-18T11:26:57","slug":"presidente-de-cuba-denuncia-intentos-terroristas-desde-estados-unidos-para-golpear-el-orden-interior-del-pais","status":"publish","type":"post","link":"https:\/\/archive.sana.sy\/es\/?p=324907","title":{"rendered":"Presidente de Cuba denuncia intentos terroristas desde Estados Unidos para golpear el orden interior del pa\u00eds"},"content":{"rendered":"<p style=\"text-align: justify;\"><span style=\"color: #800000;\"><strong>La Habana, 18 mar (SANA)<\/strong> <\/span>El presidente cubano Miguel D\u00edaz-Canel, denunci\u00f3 que grupos terroristas radicados en Estados Unidos, incentivan acciones contra el orden interior del pa\u00eds, aprovechando la dif\u00edcil coyuntura que vive la isla caribe\u00f1a.<\/p>\n<p style=\"text-align: justify;\">Citado por la agencia Prensa Latina, el jefe de Estado inform\u00f3 adem\u00e1s que varias personas han expresado su inconformidad con el d\u00e9ficit en el servicio el\u00e9ctrico nacional y la distribuci\u00f3n de alimentos.<\/p>\n<p style=\"text-align: justify;\">Ese contexto se intenta aprovechar por los enemigos de la Revoluci\u00f3n cubana con fines desestabilizadores, explic\u00f3 el mandatario en la red social X.<\/p>\n<p style=\"text-align: justify;\">Puntualiz\u00f3 que en las \u00faltimas horas hemos visto c\u00f3mo terroristas radicados en Estados Unidos, que hemos denunciado en reiteradas ocasiones, incentivan acciones contra el orden interior del pa\u00eds.<\/p>\n<p style=\"text-align: justify;\">En tal sentido, precis\u00f3 Diaz-Canel que \u201cla disposici\u00f3n de las autoridades del Partido Comunista de Cuba (PCC), el Estado y el Gobierno es atender los reclamos de nuestro pueblo, escuchar, dialogar, explicar las numerosas gestiones que se realizan para mejorar la situaci\u00f3n, siempre en un ambiente de tranquilidad\u201d.<\/p>\n<p style=\"text-align: justify;\">Reafirm\u00f3 el mandatario que \u201cen medio de las condiciones de un bloqueo estadounidense que pretende asfixiarnos, seguiremos trabajando en paz para salir der esta situaci\u00f3n\u201d.<\/p>\n<p style=\"text-align: justify;\">Por su parte, la primera secretaria del PCC en Santiago de Cuba, Beatriz Johnson, public\u00f3 hoy en su cuenta de X que se atendi\u00f3 a un grupo de personas en los alrededores del distrito Antonio Maceo en esa ciudad oriental que mostraban inconformidad con el suministro de electricidad y la distribuci\u00f3n de alimentos.<\/p>\n<p style=\"text-align: justify;\">Formamos parte del pueblo, integrados y enfrentando el genocida bloqueo de Estados Unidos, unidos por Cuba, escribi\u00f3 la dirigente partidista.<\/p>\n<p style=\"text-align: justify;\">fm\/as<\/p>\n","protected":false},"excerpt":{"rendered":"<p>La Habana, 18 mar (SANA) El presidente cubano Miguel D\u00edaz-Canel, denunci\u00f3 que grupos terroristas radicados en Estados Unidos, incentivan acciones contra el orden interior del pa\u00eds, aprovechando la dif\u00edcil coyuntura que vive la isla caribe\u00f1a. Citado por la agencia Prensa Latina, el jefe de Estado inform\u00f3 adem\u00e1s que varias personas han expresado su inconformidad con &hellip;<\/p>\n","protected":false},"author":42,"featured_media":324908,"comment_status":"closed","ping_status":"closed","sticky":false,"template":"","format":"standard","meta":{"footnotes":""},"categories":[597,456,16687,20724,7541],"tags":[],"class_list":["post-324907","post","type-post","status-publish","format-standard","has-post-thumbnail","","category-cinta-de-noticias","category-arabe-internacional-politica","category-internacionales","category-minuto-a-minuto","category-ultimas-noticias"],"_links":{"self":[{"href":"https:\/\/archive.sana.sy\/es\/index.php?rest_route=\/wp\/v2\/posts\/324907"}],"collection":[{"href":"https:\/\/archive.sana.sy\/es\/index.php?rest_route=\/wp\/v2\/posts"}],"about":[{"href":"https:\/\/archive.sana.sy\/es\/index.php?rest_route=\/wp\/v2\/types\/post"}],"author":[{"embeddable":true,"href":"https:\/\/archive.sana.sy\/es\/index.php?rest_route=\/wp\/v2\/users\/42"}],"replies":[{"embeddable":true,"href":"https:\/\/archive.sana.sy\/es\/index.php?rest_route=%2Fwp%2Fv2%2Fcomments&post=324907"}],"version-history":[{"count":1,"href":"https:\/\/archive.sana.sy\/es\/index.php?rest_route=\/wp\/v2\/posts\/324907\/revisions"}],"predecessor-version":[{"id":324909,"href":"https:\/\/archive.sana.sy\/es\/index.php?rest_route=\/wp\/v2\/posts\/324907\/revisions\/324909"}],"wp:featuredmedia":[{"embeddable":true,"href":"https:\/\/archive.sana.sy\/es\/index.php?rest_route=\/wp\/v2\/media\/324908"}],"wp:attachment":[{"href":"https:\/\/archive.sana.sy\/es\/index.php?rest_route=%2Fwp%2Fv2%2Fmedia&parent=324907"}],"wp:term":[{"taxonomy":"category","embeddable":true,"href":"https:\/\/archive.sana.sy\/es\/index.php?rest_route=%2Fwp%2Fv2%2Fcategories&post=324907"},{"taxonomy":"post_tag","embeddable":true,"href":"https:\/\/archive.sana.sy\/es\/index.php?rest_route=%2Fwp%2Fv2%2Ftags&post=324907"}],"curies":[{"name":"wp","href":"https:\/\/api.w.org\/{rel}","templated":true}]}}