{"id":324913,"date":"2024-03-18T15:13:28","date_gmt":"2024-03-18T12:13:28","guid":{"rendered":"https:\/\/sana.sy\/es\/?p=324913"},"modified":"2024-03-18T15:17:51","modified_gmt":"2024-03-18T12:17:51","slug":"el-minuto-a-minuto-de-la-agresion-israeli-a-gaza-45","status":"publish","type":"post","link":"https:\/\/archive.sana.sy\/es\/?p=324913","title":{"rendered":"El minuto a minuto de la agresi\u00f3n israel\u00ed a Gaza"},"content":{"rendered":"<p style=\"text-align: justify;\"><strong><span style=\"color: #800000;\">\u00a0Jerusal\u00e9n ocupada, 18 mar (SANA)\u00a0<\/span> \u00a0<\/strong>A continuaci\u00f3n, los desarrollos m\u00e1s recientes sobre la agresi\u00f3n israel\u00ed contra la Franja de Gaza:<\/p>\n<p style=\"text-align: justify;\">\u26a1\ufe0fLas tropas sionistas anuncian la muerte de uno de sus soldados durante enfrentamientos con la resistencia palestina en el norte de la Franja de Gaza.<\/p>\n<p style=\"text-align: justify;\">\u26a1\ufe0fDurante las \u00faltimas 24 horas, se confirmaron m\u00e1s de 81 muertos como consecuencia de las masacres del ocupante israel\u00ed en la Franja de Gaza.<\/p>\n<p style=\"text-align: justify;\">\u26a1\ufe0fMinisterio de Salud palestino anunci\u00f3 que la cifra de v\u00edctimas durante 164 d\u00edas de agresi\u00f3n aument\u00f3 a 31.726 muertos y 73.792 heridos.<\/p>\n<p style=\"text-align: justify;\">\u26a1\ufe0fDurante las \u00faltimas 24 horas, las tropas sionistas cometieron 8 masacres en la Franja de Gaza, cobrando la vida de 81 personas y 116 heridos, reporta el Ministerio de Salud palestino.<\/p>\n<p style=\"text-align: justify;\">\u26a1\ufe0fOficina de Prensa en Gaza: El ataque israel\u00ed al complejo m\u00e9dico Al-Shifa constituye un crimen de Guerra.<\/p>\n<p style=\"text-align: justify;\">\u26a1\ufe0fLa resistencia palestina reitera su exigencia de que las instituciones de la ONU garanticen la protecci\u00f3n de las instalaciones m\u00e9dicas.<\/p>\n<p style=\"text-align: justify;\">\u26a1\ufe0fMedios de comunicaci\u00f3n palestinos reportan 9 muertos y varios heridos como consecuencia del bombardeo de un avi\u00f3n israel\u00ed a una casa en el campamento de Nuseirat, en el centro de Gaza.<\/p>\n<p style=\"text-align: justify;\">ed\/fm<\/p>\n","protected":false},"excerpt":{"rendered":"<p>\u00a0Jerusal\u00e9n ocupada, 18 mar (SANA)\u00a0 \u00a0A continuaci\u00f3n, los desarrollos m\u00e1s recientes sobre la agresi\u00f3n israel\u00ed contra la Franja de Gaza: \u26a1\ufe0fLas tropas sionistas anuncian la muerte de uno de sus soldados durante enfrentamientos con la resistencia palestina en el norte de la Franja de Gaza. \u26a1\ufe0fDurante las \u00faltimas 24 horas, se confirmaron m\u00e1s de 81 &hellip;<\/p>\n","protected":false},"author":32,"featured_media":324916,"comment_status":"closed","ping_status":"closed","sticky":false,"template":"","format":"standard","meta":{"footnotes":""},"categories":[597,456,20724,7541],"tags":[],"class_list":["post-324913","post","type-post","status-publish","format-standard","has-post-thumbnail","","category-cinta-de-noticias","category-arabe-internacional-politica","category-minuto-a-minuto","category-ultimas-noticias"],"_links":{"self":[{"href":"https:\/\/archive.sana.sy\/es\/index.php?rest_route=\/wp\/v2\/posts\/324913"}],"collection":[{"href":"https:\/\/archive.sana.sy\/es\/index.php?rest_route=\/wp\/v2\/posts"}],"about":[{"href":"https:\/\/archive.sana.sy\/es\/index.php?rest_route=\/wp\/v2\/types\/post"}],"author":[{"embeddable":true,"href":"https:\/\/archive.sana.sy\/es\/index.php?rest_route=\/wp\/v2\/users\/32"}],"replies":[{"embeddable":true,"href":"https:\/\/archive.sana.sy\/es\/index.php?rest_route=%2Fwp%2Fv2%2Fcomments&post=324913"}],"version-history":[{"count":1,"href":"https:\/\/archive.sana.sy\/es\/index.php?rest_route=\/wp\/v2\/posts\/324913\/revisions"}],"predecessor-version":[{"id":324915,"href":"https:\/\/archive.sana.sy\/es\/index.php?rest_route=\/wp\/v2\/posts\/324913\/revisions\/324915"}],"wp:featuredmedia":[{"embeddable":true,"href":"https:\/\/archive.sana.sy\/es\/index.php?rest_route=\/wp\/v2\/media\/324916"}],"wp:attachment":[{"href":"https:\/\/archive.sana.sy\/es\/index.php?rest_route=%2Fwp%2Fv2%2Fmedia&parent=324913"}],"wp:term":[{"taxonomy":"category","embeddable":true,"href":"https:\/\/archive.sana.sy\/es\/index.php?rest_route=%2Fwp%2Fv2%2Fcategories&post=324913"},{"taxonomy":"post_tag","embeddable":true,"href":"https:\/\/archive.sana.sy\/es\/index.php?rest_route=%2Fwp%2Fv2%2Ftags&post=324913"}],"curies":[{"name":"wp","href":"https:\/\/api.w.org\/{rel}","templated":true}]}}