{"id":324929,"date":"2024-03-18T18:02:17","date_gmt":"2024-03-18T15:02:17","guid":{"rendered":"https:\/\/sana.sy\/es\/?p=324929"},"modified":"2024-03-18T18:02:17","modified_gmt":"2024-03-18T15:02:17","slug":"unicef-confirma-la-muerte-de-mas-de-13-000-ninos-en-gaza","status":"publish","type":"post","link":"https:\/\/archive.sana.sy\/es\/?p=324929","title":{"rendered":"Unicef \u200b\u200bconfirma la muerte de m\u00e1s de 13.000 ni\u00f1os en Gaza"},"content":{"rendered":"<p style=\"text-align: justify;\"><span style=\"color: #800000;\"><strong>Ginebra, 18 mar (SANA)\u00a0<\/strong> <\/span>El Fondo de las Naciones Unidas para la Infancia (UNICEF) confirm\u00f3 la muerte de m\u00e1s de 13.000 menores en la Franja de Gaza durante la agresi\u00f3n israel\u00ed iniciada desde el pasado 7 de octubre.<\/p>\n<p style=\"text-align: justify;\">El portavoz de la organizaci\u00f3n, James Durr, afirm\u00f3 en su cuenta en la plataforma X, que \u201c13.000 ni\u00f1os fueron asesinados en Gaza\u201d, e inst\u00f3 a un alto el fuego en este enclave costero.<\/p>\n<p style=\"text-align: justify;\">A su vez, la directora ejecutiva de UNICEF, Catherine Russell, expres\u00f3 su consternaci\u00f3n por la muerte de un n\u00famero tan grande de ni\u00f1os y se\u00f1al\u00f3 que el mundo nunca hab\u00eda sido testigo de esta tasa de muertes entre ni\u00f1os en ning\u00fan otro conflicto.<\/p>\n<p style=\"text-align: justify;\">Anteriormente, la directora regional de la Unicef para Oriente Medio y Norte de \u00c1frica, Adele Khader, declar\u00f3 que \u201cel sentimiento de impotencia y desesperaci\u00f3n es insoportable, y lo que es peor son los gritos de dolor de estos ni\u00f1os que est\u00e1n muriendo lentamente ante los ojos del mundo\u201d.<\/p>\n<p style=\"text-align: justify;\">Unicef ha advertido repetidamente que la Franja de Gaza representa el lugar m\u00e1s peligroso del mundo para los ni\u00f1os.<\/p>\n<p style=\"text-align: justify;\">fm<\/p>\n","protected":false},"excerpt":{"rendered":"<p>Ginebra, 18 mar (SANA)\u00a0 El Fondo de las Naciones Unidas para la Infancia (UNICEF) confirm\u00f3 la muerte de m\u00e1s de 13.000 menores en la Franja de Gaza durante la agresi\u00f3n israel\u00ed iniciada desde el pasado 7 de octubre. El portavoz de la organizaci\u00f3n, James Durr, afirm\u00f3 en su cuenta en la plataforma X, que \u201c13.000 &hellip;<\/p>\n","protected":false},"author":34,"featured_media":324930,"comment_status":"closed","ping_status":"closed","sticky":false,"template":"","format":"standard","meta":{"footnotes":""},"categories":[597,456,20724,583],"tags":[],"class_list":["post-324929","post","type-post","status-publish","format-standard","has-post-thumbnail","","category-cinta-de-noticias","category-arabe-internacional-politica","category-minuto-a-minuto","category-slide"],"_links":{"self":[{"href":"https:\/\/archive.sana.sy\/es\/index.php?rest_route=\/wp\/v2\/posts\/324929"}],"collection":[{"href":"https:\/\/archive.sana.sy\/es\/index.php?rest_route=\/wp\/v2\/posts"}],"about":[{"href":"https:\/\/archive.sana.sy\/es\/index.php?rest_route=\/wp\/v2\/types\/post"}],"author":[{"embeddable":true,"href":"https:\/\/archive.sana.sy\/es\/index.php?rest_route=\/wp\/v2\/users\/34"}],"replies":[{"embeddable":true,"href":"https:\/\/archive.sana.sy\/es\/index.php?rest_route=%2Fwp%2Fv2%2Fcomments&post=324929"}],"version-history":[{"count":1,"href":"https:\/\/archive.sana.sy\/es\/index.php?rest_route=\/wp\/v2\/posts\/324929\/revisions"}],"predecessor-version":[{"id":324931,"href":"https:\/\/archive.sana.sy\/es\/index.php?rest_route=\/wp\/v2\/posts\/324929\/revisions\/324931"}],"wp:featuredmedia":[{"embeddable":true,"href":"https:\/\/archive.sana.sy\/es\/index.php?rest_route=\/wp\/v2\/media\/324930"}],"wp:attachment":[{"href":"https:\/\/archive.sana.sy\/es\/index.php?rest_route=%2Fwp%2Fv2%2Fmedia&parent=324929"}],"wp:term":[{"taxonomy":"category","embeddable":true,"href":"https:\/\/archive.sana.sy\/es\/index.php?rest_route=%2Fwp%2Fv2%2Fcategories&post=324929"},{"taxonomy":"post_tag","embeddable":true,"href":"https:\/\/archive.sana.sy\/es\/index.php?rest_route=%2Fwp%2Fv2%2Ftags&post=324929"}],"curies":[{"name":"wp","href":"https:\/\/api.w.org\/{rel}","templated":true}]}}