{"id":324932,"date":"2024-03-18T18:49:17","date_gmt":"2024-03-18T15:49:17","guid":{"rendered":"https:\/\/sana.sy\/es\/?p=324932"},"modified":"2024-03-18T18:49:17","modified_gmt":"2024-03-18T15:49:17","slug":"cifra-record-de-ninos-sirios-participantes-en-el-concurso-de-lectura-arabe","status":"publish","type":"post","link":"https:\/\/archive.sana.sy\/es\/?p=324932","title":{"rendered":"Cifra r\u00e9cord de ni\u00f1os sirios participantes en el concurso de lectura \u00e1rabe"},"content":{"rendered":"<p style=\"text-align: justify;\"><span style=\"color: #800000;\"><strong>Damasco, 18 mar (SANA)\u00a0<\/strong> <\/span>El n\u00famero de estudiantes sirios postulados a participar en la octava edici\u00f3n del Desaf\u00edo de Lectura \u00c1rabe ascendi\u00f3 400.000 que representan a 3.800 escuelas de varias gobernaciones.<\/p>\n<p style=\"text-align: justify;\">Durante una reuni\u00f3n virtual de los directores de educaci\u00f3n y coordinadores del concurso de varias gobernaciones, se destac\u00f3 que el n\u00famero de participantes se multiplic\u00f3 varias veces en comparaci\u00f3n con el a\u00f1o pasado.<\/p>\n<p style=\"text-align: justify;\">Este aumento, seg\u00fan afirmaron los presentes en la reuni\u00f3n, se debe a la amplia difusi\u00f3n de la iniciativa y al trabajo de las escuelas para difundir la cultura de la lectura.<\/p>\n<p style=\"text-align: justify;\">El ministro de Educaci\u00f3n, Muhammad Amer Al-Mardini, manifest\u00f3 el inter\u00e9s del Ministerio en alentar a los estudiantes a leer por la importancia de este h\u00e1bito en la construcci\u00f3n de la personalidad del menor, desarrollar sus conocimientos y enriquecer sus ideas.<\/p>\n<p style=\"text-align: justify;\"><img loading=\"lazy\" decoding=\"async\" class=\" wp-image-324934 alignleft\" src=\"http:\/\/sana.sy\/es\/wp-content\/uploads\/2024\/03\/lectura-ninos-siria-concurso-desafio.jpeg\" alt=\"\" width=\"287\" height=\"191\" srcset=\"https:\/\/archive.sana.sy\/es\/wp-content\/uploads\/2024\/03\/lectura-ninos-siria-concurso-desafio.jpeg 660w, https:\/\/archive.sana.sy\/es\/wp-content\/uploads\/2024\/03\/lectura-ninos-siria-concurso-desafio-300x200.jpeg 300w, https:\/\/archive.sana.sy\/es\/wp-content\/uploads\/2024\/03\/lectura-ninos-siria-concurso-desafio-150x100.jpeg 150w, https:\/\/archive.sana.sy\/es\/wp-content\/uploads\/2024\/03\/lectura-ninos-siria-concurso-desafio-310x205.jpeg 310w\" sizes=\"(max-width: 287px) 100vw, 287px\" \/>El inter\u00e9s de los ni\u00f1os sirios en la lectura es resultado de la acumulaci\u00f3n cultural que caracteriza a Siria, asegur\u00f3 el titular.<\/p>\n<p style=\"text-align: justify;\">Por su parte, el coordinador general de la iniciativa en Siria, Ali Al-Abbas, revel\u00f3 que el n\u00famero de participantes de la categor\u00eda de personas con discapacidad alcanz\u00f3 este a\u00f1o los 450 estudiantes participantes.<\/p>\n<p style=\"text-align: justify;\">Al-Abbas explic\u00f3 que hay 7.000 profesores del Ministerio de Educaci\u00f3n trabajando como un equipo integrado en este desaf\u00edo con el objetivo de animar a los estudiantes a leer y crear una generaci\u00f3n lectora capaz de construir su sociedad.<\/p>\n<p style=\"text-align: justify;\">fm<\/p>\n<p style=\"text-align: justify;\">\n","protected":false},"excerpt":{"rendered":"<p>Damasco, 18 mar (SANA)\u00a0 El n\u00famero de estudiantes sirios postulados a participar en la octava edici\u00f3n del Desaf\u00edo de Lectura \u00c1rabe ascendi\u00f3 400.000 que representan a 3.800 escuelas de varias gobernaciones. Durante una reuni\u00f3n virtual de los directores de educaci\u00f3n y coordinadores del concurso de varias gobernaciones, se destac\u00f3 que el n\u00famero de participantes se &hellip;<\/p>\n","protected":false},"author":34,"featured_media":324933,"comment_status":"closed","ping_status":"closed","sticky":false,"template":"","format":"standard","meta":{"footnotes":""},"categories":[477,447,597,510,20724,476,7541],"tags":[],"class_list":["post-324932","post","type-post","status-publish","format-standard","has-post-thumbnail","","category-noticias-edulcorantes","category-local-politica","category-cinta-de-noticias","category-arte-y-cultura","category-minuto-a-minuto","category-locales","category-ultimas-noticias"],"_links":{"self":[{"href":"https:\/\/archive.sana.sy\/es\/index.php?rest_route=\/wp\/v2\/posts\/324932"}],"collection":[{"href":"https:\/\/archive.sana.sy\/es\/index.php?rest_route=\/wp\/v2\/posts"}],"about":[{"href":"https:\/\/archive.sana.sy\/es\/index.php?rest_route=\/wp\/v2\/types\/post"}],"author":[{"embeddable":true,"href":"https:\/\/archive.sana.sy\/es\/index.php?rest_route=\/wp\/v2\/users\/34"}],"replies":[{"embeddable":true,"href":"https:\/\/archive.sana.sy\/es\/index.php?rest_route=%2Fwp%2Fv2%2Fcomments&post=324932"}],"version-history":[{"count":1,"href":"https:\/\/archive.sana.sy\/es\/index.php?rest_route=\/wp\/v2\/posts\/324932\/revisions"}],"predecessor-version":[{"id":324935,"href":"https:\/\/archive.sana.sy\/es\/index.php?rest_route=\/wp\/v2\/posts\/324932\/revisions\/324935"}],"wp:featuredmedia":[{"embeddable":true,"href":"https:\/\/archive.sana.sy\/es\/index.php?rest_route=\/wp\/v2\/media\/324933"}],"wp:attachment":[{"href":"https:\/\/archive.sana.sy\/es\/index.php?rest_route=%2Fwp%2Fv2%2Fmedia&parent=324932"}],"wp:term":[{"taxonomy":"category","embeddable":true,"href":"https:\/\/archive.sana.sy\/es\/index.php?rest_route=%2Fwp%2Fv2%2Fcategories&post=324932"},{"taxonomy":"post_tag","embeddable":true,"href":"https:\/\/archive.sana.sy\/es\/index.php?rest_route=%2Fwp%2Fv2%2Ftags&post=324932"}],"curies":[{"name":"wp","href":"https:\/\/api.w.org\/{rel}","templated":true}]}}