{"id":324945,"date":"2024-03-19T06:08:42","date_gmt":"2024-03-19T03:08:42","guid":{"rendered":"https:\/\/sana.sy\/es\/?p=324945"},"modified":"2024-03-19T06:08:42","modified_gmt":"2024-03-19T03:08:42","slug":"al-assad-destaca-importancia-de-corregir-conceptos-erroneos-sobre-cuestiones-sociales-religiosas-y-morales","status":"publish","type":"post","link":"https:\/\/archive.sana.sy\/es\/?p=324945","title":{"rendered":"Al-Assad destaca importancia de corregir conceptos err\u00f3neos sobre cuestiones sociales, religiosas y morales"},"content":{"rendered":"<p style=\"text-align: justify;\"><span style=\"color: #800000;\"><strong>Damasco, 19 mar (SANA)\u00a0 \u00a0<\/strong><\/span>El presidente Bashar al-Assad, recibi\u00f3 al equipo de voluntarios del Centro de Di\u00e1logo para la Educaci\u00f3n Virtual, que comprende un grupo de j\u00f3venes acad\u00e9micos de diversas especialidades que dialogan sobre cuestiones religiosas, intelectuales y sociales.<\/p>\n<p style=\"text-align: justify;\">Durante la reuni\u00f3n, las discusiones giraron en torno a m\u00faltiples temas, como el extremismo, la identidad, el papel de las instituciones en la sociedad, la protecci\u00f3n de la generaci\u00f3n y la juventud y el papel de la instituci\u00f3n religiosa en todo ello.<\/p>\n<p style=\"text-align: justify;\">El presidente Al-Assad destac\u00f3 la importancia de trabajar para corregir conceptos err\u00f3neos sobre cuestiones sociales, religiosas y morales porque constituyen el punto de partida de cualquier trabajo o iniciativa exitosa.<\/p>\n<p style=\"text-align: justify;\"><img loading=\"lazy\" decoding=\"async\" class=\"size-full wp-image-324947 alignleft\" src=\"http:\/\/sana.sy\/es\/wp-content\/uploads\/2024\/03\/2-6.jpg\" alt=\"Al-Assad destaca importancia de corregir conceptos err\u00f3neos sobre cuestiones sociales, religiosas y morales\" width=\"660\" height=\"370\" srcset=\"https:\/\/archive.sana.sy\/es\/wp-content\/uploads\/2024\/03\/2-6.jpg 660w, https:\/\/archive.sana.sy\/es\/wp-content\/uploads\/2024\/03\/2-6-300x168.jpg 300w, https:\/\/archive.sana.sy\/es\/wp-content\/uploads\/2024\/03\/2-6-150x84.jpg 150w\" sizes=\"(max-width: 660px) 100vw, 660px\" \/>En cuanto a la crisis de identidad que enfrentan las sociedades, el mandatario explic\u00f3 que los proyectos coloniales a lo largo de la historia son los que crearon una crisis de identidad en la regi\u00f3n \u00e1rabe, distorsionaron su concepto y llevaron a estas sociedades en una sola direcci\u00f3n, que es extremismo, ya sea en religi\u00f3n o en afiliaci\u00f3n \u00e9tnica.<\/p>\n<p style=\"text-align: justify;\">La identidad no es s\u00f3lo religi\u00f3n o raza, sino que incluye m\u00faltiples aspectos que se complementan entre s\u00ed, aclar\u00f3.<\/p>\n<p style=\"text-align: justify;\">Durante el encuentro, los j\u00f3venes del equipo presentaron su visi\u00f3n sobre el trabajo para construir un pensamiento moderado en la sociedad, promover la cultura del di\u00e1logo y desarrollar las habilidades juveniles en estrategias de persuasi\u00f3n, di\u00e1logo y correcci\u00f3n de conceptos.<\/p>\n<p style=\"text-align: justify;\">fm<\/p>\n<p>&nbsp;<\/p>\n","protected":false},"excerpt":{"rendered":"<p>Damasco, 19 mar (SANA)\u00a0 \u00a0El presidente Bashar al-Assad, recibi\u00f3 al equipo de voluntarios del Centro de Di\u00e1logo para la Educaci\u00f3n Virtual, que comprende un grupo de j\u00f3venes acad\u00e9micos de diversas especialidades que dialogan sobre cuestiones religiosas, intelectuales y sociales. Durante la reuni\u00f3n, las discusiones giraron en torno a m\u00faltiples temas, como el extremismo, la identidad, &hellip;<\/p>\n","protected":false},"author":34,"featured_media":324950,"comment_status":"closed","ping_status":"closed","sticky":false,"template":"","format":"standard","meta":{"footnotes":""},"categories":[447,477,597,20724,476,16237,583],"tags":[],"class_list":["post-324945","post","type-post","status-publish","format-standard","has-post-thumbnail","","category-local-politica","category-noticias-edulcorantes","category-cinta-de-noticias","category-minuto-a-minuto","category-locales","category-presidence-de-la-republique-arabe-syria","category-slide"],"_links":{"self":[{"href":"https:\/\/archive.sana.sy\/es\/index.php?rest_route=\/wp\/v2\/posts\/324945"}],"collection":[{"href":"https:\/\/archive.sana.sy\/es\/index.php?rest_route=\/wp\/v2\/posts"}],"about":[{"href":"https:\/\/archive.sana.sy\/es\/index.php?rest_route=\/wp\/v2\/types\/post"}],"author":[{"embeddable":true,"href":"https:\/\/archive.sana.sy\/es\/index.php?rest_route=\/wp\/v2\/users\/34"}],"replies":[{"embeddable":true,"href":"https:\/\/archive.sana.sy\/es\/index.php?rest_route=%2Fwp%2Fv2%2Fcomments&post=324945"}],"version-history":[{"count":1,"href":"https:\/\/archive.sana.sy\/es\/index.php?rest_route=\/wp\/v2\/posts\/324945\/revisions"}],"predecessor-version":[{"id":324951,"href":"https:\/\/archive.sana.sy\/es\/index.php?rest_route=\/wp\/v2\/posts\/324945\/revisions\/324951"}],"wp:featuredmedia":[{"embeddable":true,"href":"https:\/\/archive.sana.sy\/es\/index.php?rest_route=\/wp\/v2\/media\/324950"}],"wp:attachment":[{"href":"https:\/\/archive.sana.sy\/es\/index.php?rest_route=%2Fwp%2Fv2%2Fmedia&parent=324945"}],"wp:term":[{"taxonomy":"category","embeddable":true,"href":"https:\/\/archive.sana.sy\/es\/index.php?rest_route=%2Fwp%2Fv2%2Fcategories&post=324945"},{"taxonomy":"post_tag","embeddable":true,"href":"https:\/\/archive.sana.sy\/es\/index.php?rest_route=%2Fwp%2Fv2%2Ftags&post=324945"}],"curies":[{"name":"wp","href":"https:\/\/api.w.org\/{rel}","templated":true}]}}