{"id":324959,"date":"2024-03-19T10:06:04","date_gmt":"2024-03-19T07:06:04","guid":{"rendered":"https:\/\/sana.sy\/es\/?p=324959"},"modified":"2024-03-19T10:06:17","modified_gmt":"2024-03-19T07:06:17","slug":"el-fin-de-la-presencia-de-la-coalicion-internacional-en-iraq-llego-a-una-fase-avanzada","status":"publish","type":"post","link":"https:\/\/archive.sana.sy\/es\/?p=324959","title":{"rendered":"&#8220;El fin de la presencia de la coalici\u00f3n internacional en Iraq lleg\u00f3 a una fase avanzada&#8221;"},"content":{"rendered":"<p style=\"text-align: justify;\"><span style=\"color: #800000;\"><strong>Bagdad, 19 mar (SANA)<\/strong> <\/span>El primer ministro iraqu\u00ed, Muhammad Shiaa Al-Sudani, consider\u00f3 hoy que el estado de estabilidad alcanzado en Iraq acelerar\u00e1 los pasos concretos para poner fin a la presencia de la coalici\u00f3n internacional en el territorio del pa\u00eds.<\/p>\n<p style=\"text-align: justify;\">Al-Sudani agreg\u00f3, durante su reuni\u00f3n con el ministro de estado de Asuntos Exteriores alem\u00e1n, Tobias Lindner, que las crecientes capacidades de las fuerzas de seguridad iraqu\u00edes y el estado de estabilidad y seguridad confirman el progreso en el expediente de poner fin a la presencia de la coalici\u00f3n internacional y recurrir a las relaciones bilaterales con los Estados miembros.<\/p>\n<p style=\"text-align: justify;\">Respecto a la brutal agresi\u00f3n israel\u00ed contra la Franja de Gaza, Al-Sudani destac\u00f3 que la comunidad internacional debe asumir su responsabilidad de detener este genocidio cometido contra el pueblo palestino.<\/p>\n<p style=\"text-align: justify;\">Por su parte, Lindner afirm\u00f3 el apoyo de Alemania a las medidas del gobierno iraqu\u00ed para poner fin a la presencia de la coalici\u00f3n internacional en Irak y expres\u00f3 la disposici\u00f3n de su pa\u00eds a firmar un acuerdo de cooperaci\u00f3n bilateral con Irak en los \u00e1mbitos militar y de seguridad.<\/p>\n<p style=\"text-align: justify;\">fm\/as<\/p>\n","protected":false},"excerpt":{"rendered":"<p>Bagdad, 19 mar (SANA) El primer ministro iraqu\u00ed, Muhammad Shiaa Al-Sudani, consider\u00f3 hoy que el estado de estabilidad alcanzado en Iraq acelerar\u00e1 los pasos concretos para poner fin a la presencia de la coalici\u00f3n internacional en el territorio del pa\u00eds. Al-Sudani agreg\u00f3, durante su reuni\u00f3n con el ministro de estado de Asuntos Exteriores alem\u00e1n, Tobias &hellip;<\/p>\n","protected":false},"author":42,"featured_media":324964,"comment_status":"closed","ping_status":"closed","sticky":false,"template":"","format":"standard","meta":{"footnotes":""},"categories":[597,456,16687,20724,7541],"tags":[],"class_list":["post-324959","post","type-post","status-publish","format-standard","has-post-thumbnail","","category-cinta-de-noticias","category-arabe-internacional-politica","category-internacionales","category-minuto-a-minuto","category-ultimas-noticias"],"_links":{"self":[{"href":"https:\/\/archive.sana.sy\/es\/index.php?rest_route=\/wp\/v2\/posts\/324959"}],"collection":[{"href":"https:\/\/archive.sana.sy\/es\/index.php?rest_route=\/wp\/v2\/posts"}],"about":[{"href":"https:\/\/archive.sana.sy\/es\/index.php?rest_route=\/wp\/v2\/types\/post"}],"author":[{"embeddable":true,"href":"https:\/\/archive.sana.sy\/es\/index.php?rest_route=\/wp\/v2\/users\/42"}],"replies":[{"embeddable":true,"href":"https:\/\/archive.sana.sy\/es\/index.php?rest_route=%2Fwp%2Fv2%2Fcomments&post=324959"}],"version-history":[{"count":1,"href":"https:\/\/archive.sana.sy\/es\/index.php?rest_route=\/wp\/v2\/posts\/324959\/revisions"}],"predecessor-version":[{"id":324963,"href":"https:\/\/archive.sana.sy\/es\/index.php?rest_route=\/wp\/v2\/posts\/324959\/revisions\/324963"}],"wp:featuredmedia":[{"embeddable":true,"href":"https:\/\/archive.sana.sy\/es\/index.php?rest_route=\/wp\/v2\/media\/324964"}],"wp:attachment":[{"href":"https:\/\/archive.sana.sy\/es\/index.php?rest_route=%2Fwp%2Fv2%2Fmedia&parent=324959"}],"wp:term":[{"taxonomy":"category","embeddable":true,"href":"https:\/\/archive.sana.sy\/es\/index.php?rest_route=%2Fwp%2Fv2%2Fcategories&post=324959"},{"taxonomy":"post_tag","embeddable":true,"href":"https:\/\/archive.sana.sy\/es\/index.php?rest_route=%2Fwp%2Fv2%2Ftags&post=324959"}],"curies":[{"name":"wp","href":"https:\/\/api.w.org\/{rel}","templated":true}]}}