{"id":324973,"date":"2024-03-19T12:33:13","date_gmt":"2024-03-19T09:33:13","guid":{"rendered":"https:\/\/sana.sy\/es\/?p=324973"},"modified":"2024-03-19T12:33:13","modified_gmt":"2024-03-19T09:33:13","slug":"muertos-y-heridos-en-el-dia-165-de-la-agresion-israeli-contra-gaza","status":"publish","type":"post","link":"https:\/\/archive.sana.sy\/es\/?p=324973","title":{"rendered":"Muertos y heridos en el d\u00eda 165 de la agresi\u00f3n israel\u00ed contra Gaza"},"content":{"rendered":"<p style=\"text-align: justify;\"><span style=\"color: #800000;\"><strong>Jerusal\u00e9n ocupada, 19 (SANA)\u00a0<\/strong><\/span> Al menos 14 palestinos perdieron la vida y otros resultaron heridos durante el d\u00eda 165 de la agresi\u00f3n israel\u00ed contra la Franja de Gaza.<\/p>\n<p style=\"text-align: justify;\">Los aviones de combate israel\u00edes bombardearon viviendas en las zonas de Musabah, Khirbet al-Adas y el barrio de Al-Geneina en la ciudad de Rafah, al sur de Gaza, cobrando la vida de 14 palestinos\u201d, divulg\u00f3 la agencia palestina Wafa.<\/p>\n<p style=\"text-align: justify;\">Al mismo tiempo, las tropas sionistas bombardearon con artiller\u00eda el barrio Al-Rimal, el campamento de Al-Shatee, las proximidades del complejo m\u00e9dico Al-Shifa, y las zonas al este del campamento de Jabalia, en el norte de la Franja.<\/p>\n<p style=\"text-align: justify;\">El \u00faltimo lunes, el Ministerio de Salud palestino anunci\u00f3 que la cifra de v\u00edctimas de la agresi\u00f3n ascendi\u00f3 a 31.726 muertos y 73.792 heridos.<\/p>\n<p style=\"text-align: justify;\">ed\/fm<\/p>\n","protected":false},"excerpt":{"rendered":"<p>Jerusal\u00e9n ocupada, 19 (SANA)\u00a0 Al menos 14 palestinos perdieron la vida y otros resultaron heridos durante el d\u00eda 165 de la agresi\u00f3n israel\u00ed contra la Franja de Gaza. Los aviones de combate israel\u00edes bombardearon viviendas en las zonas de Musabah, Khirbet al-Adas y el barrio de Al-Geneina en la ciudad de Rafah, al sur de &hellip;<\/p>\n","protected":false},"author":32,"featured_media":324978,"comment_status":"closed","ping_status":"closed","sticky":false,"template":"","format":"standard","meta":{"footnotes":""},"categories":[597,456,20724,7541],"tags":[],"class_list":["post-324973","post","type-post","status-publish","format-standard","has-post-thumbnail","","category-cinta-de-noticias","category-arabe-internacional-politica","category-minuto-a-minuto","category-ultimas-noticias"],"_links":{"self":[{"href":"https:\/\/archive.sana.sy\/es\/index.php?rest_route=\/wp\/v2\/posts\/324973"}],"collection":[{"href":"https:\/\/archive.sana.sy\/es\/index.php?rest_route=\/wp\/v2\/posts"}],"about":[{"href":"https:\/\/archive.sana.sy\/es\/index.php?rest_route=\/wp\/v2\/types\/post"}],"author":[{"embeddable":true,"href":"https:\/\/archive.sana.sy\/es\/index.php?rest_route=\/wp\/v2\/users\/32"}],"replies":[{"embeddable":true,"href":"https:\/\/archive.sana.sy\/es\/index.php?rest_route=%2Fwp%2Fv2%2Fcomments&post=324973"}],"version-history":[{"count":1,"href":"https:\/\/archive.sana.sy\/es\/index.php?rest_route=\/wp\/v2\/posts\/324973\/revisions"}],"predecessor-version":[{"id":324979,"href":"https:\/\/archive.sana.sy\/es\/index.php?rest_route=\/wp\/v2\/posts\/324973\/revisions\/324979"}],"wp:featuredmedia":[{"embeddable":true,"href":"https:\/\/archive.sana.sy\/es\/index.php?rest_route=\/wp\/v2\/media\/324978"}],"wp:attachment":[{"href":"https:\/\/archive.sana.sy\/es\/index.php?rest_route=%2Fwp%2Fv2%2Fmedia&parent=324973"}],"wp:term":[{"taxonomy":"category","embeddable":true,"href":"https:\/\/archive.sana.sy\/es\/index.php?rest_route=%2Fwp%2Fv2%2Fcategories&post=324973"},{"taxonomy":"post_tag","embeddable":true,"href":"https:\/\/archive.sana.sy\/es\/index.php?rest_route=%2Fwp%2Fv2%2Ftags&post=324973"}],"curies":[{"name":"wp","href":"https:\/\/api.w.org\/{rel}","templated":true}]}}