{"id":325015,"date":"2024-03-19T18:41:30","date_gmt":"2024-03-19T15:41:30","guid":{"rendered":"https:\/\/sana.sy\/es\/?p=325015"},"modified":"2024-03-19T18:41:30","modified_gmt":"2024-03-19T15:41:30","slug":"putin-confirma-el-fracaso-de-los-intentos-ucranianos-para-cruzar-la-frontera-rusa","status":"publish","type":"post","link":"https:\/\/archive.sana.sy\/es\/?p=325015","title":{"rendered":"Putin confirma el fracaso de los intentos ucranianos para cruzar la frontera rusa"},"content":{"rendered":"<p style=\"text-align: justify\"><span style=\"color: #800000\"><strong>Mosc\u00fa, 19 mar (SANA)<\/strong><\/span> El presidente ruso, Vladimir Putin, enfatiz\u00f3 hoy que todos los intentos del r\u00e9gimen de Kiev de ingresar a las fronteras de Rusia terminaron en fracaso.<\/p>\n<p style=\"text-align: justify\">\u00a0\u201cTodos los intentos de incursionar nuestras fronteras por parte de grupos terroristas y de sabotaje y grupos terroristas de unidades enemigas y mercenarios extranjeros que se est\u00e1n utilizando activamente, han fracasado.\u201d cit\u00f3 RT al mandatario ruso durante una reuni\u00f3n con miembros del Consejo de Seguridad del pa\u00eds.<\/p>\n<p style=\"text-align: justify\">Putin hizo una panor\u00e1mica sobre lo logrado para fortalecer las fronteras rusas, especialmente aquellas adyacentes a la zona de operaciones militares especiales.<\/p>\n<p style=\"text-align: justify\">El s\u00e1bado pasado, el Ministerio de Defensa ruso anunci\u00f3 que sus fuerzas frustraron un intento de grupos terroristas ucranianos de cruzar la frontera cerca de las provincias de Belgorod y Kursk.<\/p>\n<p style=\"text-align: justify\">la<\/p>\n","protected":false},"excerpt":{"rendered":"<p>Mosc\u00fa, 19 mar (SANA) El presidente ruso, Vladimir Putin, enfatiz\u00f3 hoy que todos los intentos del r\u00e9gimen de Kiev de ingresar a las fronteras de Rusia terminaron en fracaso. \u00a0\u201cTodos los intentos de incursionar nuestras fronteras por parte de grupos terroristas y de sabotaje y grupos terroristas de unidades enemigas y mercenarios extranjeros que se &hellip;<\/p>\n","protected":false},"author":24,"featured_media":325016,"comment_status":"closed","ping_status":"closed","sticky":false,"template":"","format":"standard","meta":{"footnotes":""},"categories":[597,456,16687,20724,7541],"tags":[21082,6695,20357],"class_list":["post-325015","post","type-post","status-publish","format-standard","has-post-thumbnail","","category-cinta-de-noticias","category-arabe-internacional-politica","category-internacionales","category-minuto-a-minuto","category-ultimas-noticias","tag-operacion-especial","tag-rusia","tag-ucrania"],"_links":{"self":[{"href":"https:\/\/archive.sana.sy\/es\/index.php?rest_route=\/wp\/v2\/posts\/325015"}],"collection":[{"href":"https:\/\/archive.sana.sy\/es\/index.php?rest_route=\/wp\/v2\/posts"}],"about":[{"href":"https:\/\/archive.sana.sy\/es\/index.php?rest_route=\/wp\/v2\/types\/post"}],"author":[{"embeddable":true,"href":"https:\/\/archive.sana.sy\/es\/index.php?rest_route=\/wp\/v2\/users\/24"}],"replies":[{"embeddable":true,"href":"https:\/\/archive.sana.sy\/es\/index.php?rest_route=%2Fwp%2Fv2%2Fcomments&post=325015"}],"version-history":[{"count":1,"href":"https:\/\/archive.sana.sy\/es\/index.php?rest_route=\/wp\/v2\/posts\/325015\/revisions"}],"predecessor-version":[{"id":325017,"href":"https:\/\/archive.sana.sy\/es\/index.php?rest_route=\/wp\/v2\/posts\/325015\/revisions\/325017"}],"wp:featuredmedia":[{"embeddable":true,"href":"https:\/\/archive.sana.sy\/es\/index.php?rest_route=\/wp\/v2\/media\/325016"}],"wp:attachment":[{"href":"https:\/\/archive.sana.sy\/es\/index.php?rest_route=%2Fwp%2Fv2%2Fmedia&parent=325015"}],"wp:term":[{"taxonomy":"category","embeddable":true,"href":"https:\/\/archive.sana.sy\/es\/index.php?rest_route=%2Fwp%2Fv2%2Fcategories&post=325015"},{"taxonomy":"post_tag","embeddable":true,"href":"https:\/\/archive.sana.sy\/es\/index.php?rest_route=%2Fwp%2Fv2%2Ftags&post=325015"}],"curies":[{"name":"wp","href":"https:\/\/api.w.org\/{rel}","templated":true}]}}