{"id":325018,"date":"2024-03-19T19:28:04","date_gmt":"2024-03-19T16:28:04","guid":{"rendered":"https:\/\/sana.sy\/es\/?p=325018"},"modified":"2024-03-19T19:30:56","modified_gmt":"2024-03-19T16:30:56","slug":"los-militares-franceses-seran-un-objetivo-legitimo-de-las-fuerzas-rusas-asevera-naryshkin","status":"publish","type":"post","link":"https:\/\/archive.sana.sy\/es\/?p=325018","title":{"rendered":"Los militares franceses en Ucrania ser\u00e1n un objetivo leg\u00edtimo de las fuerzas rusas, asevera Naryshkin"},"content":{"rendered":"<p style=\"text-align: justify\"><span style=\"color: #800000\"><strong>Mosc\u00fa, 19 mar (SANA)<\/strong><\/span> El director del Servicio de Inteligencia Exterior de Rusia (SVR), Sergey Naryshkin revel\u00f3 que su pa\u00eds tiene informaci\u00f3n de que Francia est\u00e1 preparando un contingente militar de 2.000 soldados para ser enviado a Ucrania.<\/p>\n<p style=\"text-align: justify\">&#8220;A los actuales dirigentes del pa\u00eds (Francia ) no les importan ni la muerte de los ciudadanos franceses ni los militares generales\u201d, cit\u00f3 Tass el jefe del SVR.<\/p>\n<p>Subray\u00f3 que el presidente franc\u00e9s, Emmanuel Macron, est\u00e1 ocultando la verdad sobre el n\u00famero de los soldados franceses que resultaron muertos en Ucrania por temor a protestas masivas en su pa\u00eds.<\/p>\n<p style=\"text-align: justify\">Enfatiz\u00f3 este grupo de militares franceses en el territorio ucraniano &#8220;Se convertir\u00e1 as\u00ed en un objetivo leg\u00edtimo y prioritario de las fuerzas armadas rusas. Esto significa que sufrir\u00e1 la suerte de todos los franceses que alguna vez han llegado al mundo ruso con una espada&#8221;, subray\u00f3.<\/p>\n<p style=\"text-align: justify\">la<\/p>\n","protected":false},"excerpt":{"rendered":"<p>Mosc\u00fa, 19 mar (SANA) El director del Servicio de Inteligencia Exterior de Rusia (SVR), Sergey Naryshkin revel\u00f3 que su pa\u00eds tiene informaci\u00f3n de que Francia est\u00e1 preparando un contingente militar de 2.000 soldados para ser enviado a Ucrania. &#8220;A los actuales dirigentes del pa\u00eds (Francia ) no les importan ni la muerte de los ciudadanos &hellip;<\/p>\n","protected":false},"author":24,"featured_media":325023,"comment_status":"closed","ping_status":"closed","sticky":false,"template":"","format":"standard","meta":{"footnotes":""},"categories":[597,456,16687,20724,7541],"tags":[],"class_list":["post-325018","post","type-post","status-publish","format-standard","has-post-thumbnail","","category-cinta-de-noticias","category-arabe-internacional-politica","category-internacionales","category-minuto-a-minuto","category-ultimas-noticias"],"_links":{"self":[{"href":"https:\/\/archive.sana.sy\/es\/index.php?rest_route=\/wp\/v2\/posts\/325018"}],"collection":[{"href":"https:\/\/archive.sana.sy\/es\/index.php?rest_route=\/wp\/v2\/posts"}],"about":[{"href":"https:\/\/archive.sana.sy\/es\/index.php?rest_route=\/wp\/v2\/types\/post"}],"author":[{"embeddable":true,"href":"https:\/\/archive.sana.sy\/es\/index.php?rest_route=\/wp\/v2\/users\/24"}],"replies":[{"embeddable":true,"href":"https:\/\/archive.sana.sy\/es\/index.php?rest_route=%2Fwp%2Fv2%2Fcomments&post=325018"}],"version-history":[{"count":3,"href":"https:\/\/archive.sana.sy\/es\/index.php?rest_route=\/wp\/v2\/posts\/325018\/revisions"}],"predecessor-version":[{"id":325022,"href":"https:\/\/archive.sana.sy\/es\/index.php?rest_route=\/wp\/v2\/posts\/325018\/revisions\/325022"}],"wp:featuredmedia":[{"embeddable":true,"href":"https:\/\/archive.sana.sy\/es\/index.php?rest_route=\/wp\/v2\/media\/325023"}],"wp:attachment":[{"href":"https:\/\/archive.sana.sy\/es\/index.php?rest_route=%2Fwp%2Fv2%2Fmedia&parent=325018"}],"wp:term":[{"taxonomy":"category","embeddable":true,"href":"https:\/\/archive.sana.sy\/es\/index.php?rest_route=%2Fwp%2Fv2%2Fcategories&post=325018"},{"taxonomy":"post_tag","embeddable":true,"href":"https:\/\/archive.sana.sy\/es\/index.php?rest_route=%2Fwp%2Fv2%2Ftags&post=325018"}],"curies":[{"name":"wp","href":"https:\/\/api.w.org\/{rel}","templated":true}]}}