{"id":325030,"date":"2024-03-20T05:50:16","date_gmt":"2024-03-20T02:50:16","guid":{"rendered":"https:\/\/sana.sy\/es\/?p=325030"},"modified":"2024-03-20T05:50:16","modified_gmt":"2024-03-20T02:50:16","slug":"al-assad-y-grossi-analizan-cooperacion-entre-siria-y-la-agencia-internacional-de-energia-atomica","status":"publish","type":"post","link":"https:\/\/archive.sana.sy\/es\/?p=325030","title":{"rendered":"Al-Assad y Grossi analizan cooperaci\u00f3n entre Siria y la Agencia Internacional de Energ\u00eda At\u00f3mica"},"content":{"rendered":"<p style=\"text-align: justify;\"><span style=\"color: #800000;\"><strong>Damasco, 20 mar (SANA)<\/strong> <\/span>El presidente sirio Bashar Al-Assad, recibi\u00f3 hoy al director general del Organismo Internacional de Energ\u00eda At\u00f3mica (OIEA), Rafael Mariano Grossi, y a su delegaci\u00f3n acompa\u00f1ante.<\/p>\n<p style=\"text-align: justify;\">Las conversaciones se centraron en la cooperaci\u00f3n entre Siria y la OIEA en programas y proyectos pac\u00edficos, especialmente en las \u00e1reas de salud, tratamientos contra el c\u00e1ncer, agricultura e investigaci\u00f3n cient\u00edfica.<\/p>\n<p style=\"text-align: justify;\">Grossi destac\u00f3 la importancia de construir un di\u00e1logo efectivo y continuo entre la Agencia Internacional y Siria.<\/p>\n<p style=\"text-align: justify;\">El ministro de Asuntos Exteriores y Expatriados, Faisal Al-Mekdad, hab\u00eda recibido en la sede de la canciller\u00eda siria, al director general de la Agencia Internacional de Energ\u00eda At\u00f3mica, Rafael Grossi.<\/p>\n<p><img loading=\"lazy\" decoding=\"async\" class=\"aligncenter wp-image-325032\" src=\"http:\/\/sana.sy\/es\/wp-content\/uploads\/2024\/03\/presidente-siria-energia-atomica-oiea.jpeg\" alt=\"\" width=\"660\" height=\"445\" srcset=\"https:\/\/archive.sana.sy\/es\/wp-content\/uploads\/2024\/03\/presidente-siria-energia-atomica-oiea.jpeg 660w, https:\/\/archive.sana.sy\/es\/wp-content\/uploads\/2024\/03\/presidente-siria-energia-atomica-oiea-300x202.jpeg 300w, https:\/\/archive.sana.sy\/es\/wp-content\/uploads\/2024\/03\/presidente-siria-energia-atomica-oiea-150x101.jpeg 150w, https:\/\/archive.sana.sy\/es\/wp-content\/uploads\/2024\/03\/presidente-siria-energia-atomica-oiea-110x75.jpeg 110w\" sizes=\"(max-width: 660px) 100vw, 660px\" \/><\/p>\n<p style=\"text-align: justify;\">fm<\/p>\n","protected":false},"excerpt":{"rendered":"<p>Damasco, 20 mar (SANA) El presidente sirio Bashar Al-Assad, recibi\u00f3 hoy al director general del Organismo Internacional de Energ\u00eda At\u00f3mica (OIEA), Rafael Mariano Grossi, y a su delegaci\u00f3n acompa\u00f1ante. Las conversaciones se centraron en la cooperaci\u00f3n entre Siria y la OIEA en programas y proyectos pac\u00edficos, especialmente en las \u00e1reas de salud, tratamientos contra el &hellip;<\/p>\n","protected":false},"author":34,"featured_media":325031,"comment_status":"closed","ping_status":"closed","sticky":false,"template":"","format":"standard","meta":{"footnotes":""},"categories":[447,477,597,20724,476,16237,467,583,626],"tags":[],"class_list":["post-325030","post","type-post","status-publish","format-standard","has-post-thumbnail","","category-local-politica","category-noticias-edulcorantes","category-cinta-de-noticias","category-minuto-a-minuto","category-locales","category-presidence-de-la-republique-arabe-syria","category-siria-y-el-mundo","category-slide","category-sr-presidente"],"_links":{"self":[{"href":"https:\/\/archive.sana.sy\/es\/index.php?rest_route=\/wp\/v2\/posts\/325030"}],"collection":[{"href":"https:\/\/archive.sana.sy\/es\/index.php?rest_route=\/wp\/v2\/posts"}],"about":[{"href":"https:\/\/archive.sana.sy\/es\/index.php?rest_route=\/wp\/v2\/types\/post"}],"author":[{"embeddable":true,"href":"https:\/\/archive.sana.sy\/es\/index.php?rest_route=\/wp\/v2\/users\/34"}],"replies":[{"embeddable":true,"href":"https:\/\/archive.sana.sy\/es\/index.php?rest_route=%2Fwp%2Fv2%2Fcomments&post=325030"}],"version-history":[{"count":1,"href":"https:\/\/archive.sana.sy\/es\/index.php?rest_route=\/wp\/v2\/posts\/325030\/revisions"}],"predecessor-version":[{"id":325033,"href":"https:\/\/archive.sana.sy\/es\/index.php?rest_route=\/wp\/v2\/posts\/325030\/revisions\/325033"}],"wp:featuredmedia":[{"embeddable":true,"href":"https:\/\/archive.sana.sy\/es\/index.php?rest_route=\/wp\/v2\/media\/325031"}],"wp:attachment":[{"href":"https:\/\/archive.sana.sy\/es\/index.php?rest_route=%2Fwp%2Fv2%2Fmedia&parent=325030"}],"wp:term":[{"taxonomy":"category","embeddable":true,"href":"https:\/\/archive.sana.sy\/es\/index.php?rest_route=%2Fwp%2Fv2%2Fcategories&post=325030"},{"taxonomy":"post_tag","embeddable":true,"href":"https:\/\/archive.sana.sy\/es\/index.php?rest_route=%2Fwp%2Fv2%2Ftags&post=325030"}],"curies":[{"name":"wp","href":"https:\/\/api.w.org\/{rel}","templated":true}]}}