{"id":325063,"date":"2024-03-20T11:09:55","date_gmt":"2024-03-20T08:09:55","guid":{"rendered":"https:\/\/sana.sy\/es\/?p=325063"},"modified":"2024-03-20T11:12:28","modified_gmt":"2024-03-20T08:12:28","slug":"corea-del-norte-desarrolla-un-misil-hipersonico-para-atacar-bases-estadounidenses","status":"publish","type":"post","link":"https:\/\/archive.sana.sy\/es\/?p=325063","title":{"rendered":"Corea del Norte desarrolla un misil hipers\u00f3nico para atacar bases estadounidenses"},"content":{"rendered":"<p style=\"text-align: justify;\"><span style=\"color: #800000;\"><strong>Piongyang, 20 mar (SANA)<\/strong> <\/span>El l\u00edder norcoreano Kim Jong-un y altos oficiales militares supervisaron la prueba de un motor de combustible s\u00f3lido para un misil hipers\u00f3nico de alcance intermedio.<\/p>\n<p style=\"text-align: justify;\">De acuerdo con reportes de la agencia estatal norcoreana KCNA, la prueba fue realizada en las instalaciones de Lanzamiento de Sat\u00e9lites de Sohae, en el noroeste del pa\u00eds, con el objetivo de reforzar las capacidades defensivas.<\/p>\n<p style=\"text-align: justify;\">En ese sentido, el mandatario afirm\u00f3 que el valor estrat\u00e9gico del nuevo proyectil es tan importante como el de los misiles bal\u00edsticos intercontinentales.<\/p>\n<p style=\"text-align: justify;\">Adem\u00e1s, expres\u00f3 una &#8220;gran satisfacci\u00f3n&#8221; por el hecho de que los proyectos de desarrollo en el \u00e1rea de armas estrat\u00e9gicas hayan sido completados con \u00e9xito durante el per\u00edodo del plan quinquenal establecido.<\/p>\n<p style=\"text-align: justify;\">fm\/as<\/p>\n","protected":false},"excerpt":{"rendered":"<p>Piongyang, 20 mar (SANA) El l\u00edder norcoreano Kim Jong-un y altos oficiales militares supervisaron la prueba de un motor de combustible s\u00f3lido para un misil hipers\u00f3nico de alcance intermedio. De acuerdo con reportes de la agencia estatal norcoreana KCNA, la prueba fue realizada en las instalaciones de Lanzamiento de Sat\u00e9lites de Sohae, en el noroeste &hellip;<\/p>\n","protected":false},"author":42,"featured_media":325066,"comment_status":"closed","ping_status":"closed","sticky":false,"template":"","format":"standard","meta":{"footnotes":""},"categories":[597,456,16687,20724,7541],"tags":[],"class_list":["post-325063","post","type-post","status-publish","format-standard","has-post-thumbnail","","category-cinta-de-noticias","category-arabe-internacional-politica","category-internacionales","category-minuto-a-minuto","category-ultimas-noticias"],"_links":{"self":[{"href":"https:\/\/archive.sana.sy\/es\/index.php?rest_route=\/wp\/v2\/posts\/325063"}],"collection":[{"href":"https:\/\/archive.sana.sy\/es\/index.php?rest_route=\/wp\/v2\/posts"}],"about":[{"href":"https:\/\/archive.sana.sy\/es\/index.php?rest_route=\/wp\/v2\/types\/post"}],"author":[{"embeddable":true,"href":"https:\/\/archive.sana.sy\/es\/index.php?rest_route=\/wp\/v2\/users\/42"}],"replies":[{"embeddable":true,"href":"https:\/\/archive.sana.sy\/es\/index.php?rest_route=%2Fwp%2Fv2%2Fcomments&post=325063"}],"version-history":[{"count":1,"href":"https:\/\/archive.sana.sy\/es\/index.php?rest_route=\/wp\/v2\/posts\/325063\/revisions"}],"predecessor-version":[{"id":325065,"href":"https:\/\/archive.sana.sy\/es\/index.php?rest_route=\/wp\/v2\/posts\/325063\/revisions\/325065"}],"wp:featuredmedia":[{"embeddable":true,"href":"https:\/\/archive.sana.sy\/es\/index.php?rest_route=\/wp\/v2\/media\/325066"}],"wp:attachment":[{"href":"https:\/\/archive.sana.sy\/es\/index.php?rest_route=%2Fwp%2Fv2%2Fmedia&parent=325063"}],"wp:term":[{"taxonomy":"category","embeddable":true,"href":"https:\/\/archive.sana.sy\/es\/index.php?rest_route=%2Fwp%2Fv2%2Fcategories&post=325063"},{"taxonomy":"post_tag","embeddable":true,"href":"https:\/\/archive.sana.sy\/es\/index.php?rest_route=%2Fwp%2Fv2%2Ftags&post=325063"}],"curies":[{"name":"wp","href":"https:\/\/api.w.org\/{rel}","templated":true}]}}