{"id":325067,"date":"2024-03-20T12:00:14","date_gmt":"2024-03-20T09:00:14","guid":{"rendered":"https:\/\/sana.sy\/es\/?p=325067"},"modified":"2024-03-20T12:00:14","modified_gmt":"2024-03-20T09:00:14","slug":"venezuela-denuncia-politizacion-y-dobles-raseros-en-el-consejo-de-derechos-humanos","status":"publish","type":"post","link":"https:\/\/archive.sana.sy\/es\/?p=325067","title":{"rendered":"Venezuela denuncia politizaci\u00f3n y dobles raseros en el Consejo de Derechos Humanos"},"content":{"rendered":"<p style=\"text-align: justify;\"><span style=\"color: #800000;\"><strong>Ginebra, 20 mar (SANA)<\/strong> \u00a0<\/span>El representante permanente de Venezuela, ante el Consejo de Derechos Humanos de las Naciones Unidas, Alexander Y\u00e1nez Deleuze, rechaz\u00f3 las tentativas de politizar y aplicar dobles est\u00e1ndares al evaluar la situaci\u00f3n de los derechos humanos en ese pa\u00eds.<\/p>\n<p style=\"text-align: justify;\">&#8220;Rechazamos la prevalencia de afirmaciones hostiles y sin fundamento en esta actualizaci\u00f3n oral, no verificadas ni contrastadas con el Estado. Y que sin duda ser\u00e1n esperados insumos para la narrativa sobre Venezuela expuesta por medios trasnacionales de comunicaci\u00f3n, financiada por los pa\u00edses o grupos de pa\u00edses que agreden a Venezuela con las MCU (medidas coercitivas unilaterales)&#8221;, dijo el delegado de la naci\u00f3n suramericana, citado por RT.<\/p>\n<p style=\"text-align: justify;\">Ratific\u00f3 el rechazo a la politizaci\u00f3n y los dobles raseros que, seg\u00fan el diplom\u00e1tico, estar\u00edan impulsando &#8220;sectores muy espec\u00edficos&#8221; del Consejo contra Venezuela y otros pa\u00edses del Sur Global.<\/p>\n<p style=\"text-align: justify;\">Y\u00e1nez tambi\u00e9n avanz\u00f3 comentarios sobre la reciente salida de Venezuela de los funcionarios de la oficina del Alto Comisionado Volker T\u00fcrk, por intromisi\u00f3n en asuntos internos del pa\u00eds, al tomar partido por personas sindicadas en varias tentativas de golpe de Estado y atentados magnicidas denunciados por Caracas.<\/p>\n<p style=\"text-align: justify;\"><strong>fm\/ws<\/strong><\/p>\n","protected":false},"excerpt":{"rendered":"<p>Ginebra, 20 mar (SANA) \u00a0El representante permanente de Venezuela, ante el Consejo de Derechos Humanos de las Naciones Unidas, Alexander Y\u00e1nez Deleuze, rechaz\u00f3 las tentativas de politizar y aplicar dobles est\u00e1ndares al evaluar la situaci\u00f3n de los derechos humanos en ese pa\u00eds. &#8220;Rechazamos la prevalencia de afirmaciones hostiles y sin fundamento en esta actualizaci\u00f3n oral, &hellip;<\/p>\n","protected":false},"author":35,"featured_media":325068,"comment_status":"closed","ping_status":"closed","sticky":false,"template":"","format":"standard","meta":{"footnotes":""},"categories":[597,456,16687,20724,7541],"tags":[],"class_list":["post-325067","post","type-post","status-publish","format-standard","has-post-thumbnail","","category-cinta-de-noticias","category-arabe-internacional-politica","category-internacionales","category-minuto-a-minuto","category-ultimas-noticias"],"_links":{"self":[{"href":"https:\/\/archive.sana.sy\/es\/index.php?rest_route=\/wp\/v2\/posts\/325067"}],"collection":[{"href":"https:\/\/archive.sana.sy\/es\/index.php?rest_route=\/wp\/v2\/posts"}],"about":[{"href":"https:\/\/archive.sana.sy\/es\/index.php?rest_route=\/wp\/v2\/types\/post"}],"author":[{"embeddable":true,"href":"https:\/\/archive.sana.sy\/es\/index.php?rest_route=\/wp\/v2\/users\/35"}],"replies":[{"embeddable":true,"href":"https:\/\/archive.sana.sy\/es\/index.php?rest_route=%2Fwp%2Fv2%2Fcomments&post=325067"}],"version-history":[{"count":1,"href":"https:\/\/archive.sana.sy\/es\/index.php?rest_route=\/wp\/v2\/posts\/325067\/revisions"}],"predecessor-version":[{"id":325069,"href":"https:\/\/archive.sana.sy\/es\/index.php?rest_route=\/wp\/v2\/posts\/325067\/revisions\/325069"}],"wp:featuredmedia":[{"embeddable":true,"href":"https:\/\/archive.sana.sy\/es\/index.php?rest_route=\/wp\/v2\/media\/325068"}],"wp:attachment":[{"href":"https:\/\/archive.sana.sy\/es\/index.php?rest_route=%2Fwp%2Fv2%2Fmedia&parent=325067"}],"wp:term":[{"taxonomy":"category","embeddable":true,"href":"https:\/\/archive.sana.sy\/es\/index.php?rest_route=%2Fwp%2Fv2%2Fcategories&post=325067"},{"taxonomy":"post_tag","embeddable":true,"href":"https:\/\/archive.sana.sy\/es\/index.php?rest_route=%2Fwp%2Fv2%2Ftags&post=325067"}],"curies":[{"name":"wp","href":"https:\/\/api.w.org\/{rel}","templated":true}]}}