{"id":325077,"date":"2024-03-20T14:15:24","date_gmt":"2024-03-20T11:15:24","guid":{"rendered":"https:\/\/sana.sy\/es\/?p=325077"},"modified":"2024-03-20T14:15:41","modified_gmt":"2024-03-20T11:15:41","slug":"rusia-advierte-a-francia-que-no-envie-sus-militares-a-ucrania","status":"publish","type":"post","link":"https:\/\/archive.sana.sy\/es\/?p=325077","title":{"rendered":"Rusia advierte a Francia que no env\u00ede sus militares a Ucrania"},"content":{"rendered":"<blockquote>\n<p style=\"text-align: justify;\"><span style=\"color: #800000;\">&#8220;Ser\u00eda bueno que los franceses enviaran dos regimientos a Ucrania. Entonces la cuesti\u00f3n de su destrucci\u00f3n sistem\u00e1tica no ser\u00eda la tarea m\u00e1s dif\u00edcil, sino m\u00e1s bien muy importante&#8221;<\/span><\/p>\n<\/blockquote>\n<p style=\"text-align: justify;\"><span style=\"color: #800000;\"><strong>Mosc\u00fa, 20 mar (SANA)\u00a0 <\/strong><\/span>El vicepresidente del Consejo de Seguridad ruso, Dmitri Medv\u00e9dev alert\u00f3 a Francia sobre el env\u00edo de sus militares a Ucrania.<\/p>\n<p style=\"text-align: justify;\">&#8220;Ser\u00eda bueno que los franceses enviaran dos regimientos a Ucrania. Entonces la cuesti\u00f3n de su destrucci\u00f3n sistem\u00e1tica no ser\u00eda la tarea m\u00e1s dif\u00edcil, sino m\u00e1s bien muy importante&#8221;, escribi\u00f3 Medv\u00e9dev en su canal de Telegram.<\/p>\n<p style=\"text-align: justify;\">Agreg\u00f3 que para el liderazgo franc\u00e9s ser\u00e1 como una guillotina, y tambi\u00e9n una buena lecci\u00f3n para otros tontos de Europa.<\/p>\n<p style=\"text-align: justify;\"><strong>ws\/fm<\/strong><\/p>\n","protected":false},"excerpt":{"rendered":"<p>&#8220;Ser\u00eda bueno que los franceses enviaran dos regimientos a Ucrania. Entonces la cuesti\u00f3n de su destrucci\u00f3n sistem\u00e1tica no ser\u00eda la tarea m\u00e1s dif\u00edcil, sino m\u00e1s bien muy importante&#8221; Mosc\u00fa, 20 mar (SANA)\u00a0 El vicepresidente del Consejo de Seguridad ruso, Dmitri Medv\u00e9dev alert\u00f3 a Francia sobre el env\u00edo de sus militares a Ucrania. &#8220;Ser\u00eda bueno que &hellip;<\/p>\n","protected":false},"author":35,"featured_media":325078,"comment_status":"closed","ping_status":"closed","sticky":false,"template":"","format":"standard","meta":{"footnotes":""},"categories":[597,456,16687,20724,7541],"tags":[],"class_list":["post-325077","post","type-post","status-publish","format-standard","has-post-thumbnail","","category-cinta-de-noticias","category-arabe-internacional-politica","category-internacionales","category-minuto-a-minuto","category-ultimas-noticias"],"_links":{"self":[{"href":"https:\/\/archive.sana.sy\/es\/index.php?rest_route=\/wp\/v2\/posts\/325077"}],"collection":[{"href":"https:\/\/archive.sana.sy\/es\/index.php?rest_route=\/wp\/v2\/posts"}],"about":[{"href":"https:\/\/archive.sana.sy\/es\/index.php?rest_route=\/wp\/v2\/types\/post"}],"author":[{"embeddable":true,"href":"https:\/\/archive.sana.sy\/es\/index.php?rest_route=\/wp\/v2\/users\/35"}],"replies":[{"embeddable":true,"href":"https:\/\/archive.sana.sy\/es\/index.php?rest_route=%2Fwp%2Fv2%2Fcomments&post=325077"}],"version-history":[{"count":2,"href":"https:\/\/archive.sana.sy\/es\/index.php?rest_route=\/wp\/v2\/posts\/325077\/revisions"}],"predecessor-version":[{"id":325080,"href":"https:\/\/archive.sana.sy\/es\/index.php?rest_route=\/wp\/v2\/posts\/325077\/revisions\/325080"}],"wp:featuredmedia":[{"embeddable":true,"href":"https:\/\/archive.sana.sy\/es\/index.php?rest_route=\/wp\/v2\/media\/325078"}],"wp:attachment":[{"href":"https:\/\/archive.sana.sy\/es\/index.php?rest_route=%2Fwp%2Fv2%2Fmedia&parent=325077"}],"wp:term":[{"taxonomy":"category","embeddable":true,"href":"https:\/\/archive.sana.sy\/es\/index.php?rest_route=%2Fwp%2Fv2%2Fcategories&post=325077"},{"taxonomy":"post_tag","embeddable":true,"href":"https:\/\/archive.sana.sy\/es\/index.php?rest_route=%2Fwp%2Fv2%2Ftags&post=325077"}],"curies":[{"name":"wp","href":"https:\/\/api.w.org\/{rel}","templated":true}]}}