{"id":325081,"date":"2024-03-20T18:58:49","date_gmt":"2024-03-20T15:58:49","guid":{"rendered":"https:\/\/sana.sy\/es\/?p=325081"},"modified":"2024-03-20T19:45:41","modified_gmt":"2024-03-20T16:45:41","slug":"presidente-y-primera-dama-reciben-a-educadores-sirios-fotos","status":"publish","type":"post","link":"https:\/\/archive.sana.sy\/es\/?p=325081","title":{"rendered":"Presidente y Primera Dama reciben a educadores sirios (+ fotos)"},"content":{"rendered":"<p style=\"text-align: justify\"><span style=\"color: #800000\"><strong>Damasco, 20 mar (SANA)<\/strong><\/span> El presidente Bashar Al-Assad y la primera dama Asmaa Al-Assad, recibieron hoy a un grupo de destacados educadores que han estado impartiendo clases durante casi cuatro d\u00e9cadas.<\/p>\n<p style=\"text-align: justify\">El mandatario enfatiz\u00f3 que los maestros forman tambi\u00e9n un ej\u00e9rcito que luchan en el sector de educaci\u00f3n.<\/p>\n<p style=\"text-align: justify\">A su vez, la primera dama destac\u00f3 que el proceso de ense\u00f1anza no se puede separar del proceso de educaci\u00f3n porque ambos son factores trascendentes en la construcci\u00f3n del ser humano.<\/p>\n<p style=\"text-align: justify\"><strong>Nota en desarrollo&#8230;<\/strong><\/p>\n<div id='gallery-1' class='gallery galleryid-325081 gallery-columns-1 gallery-size-full'><figure class='gallery-item'>\n\t\t\t<div class='gallery-icon landscape'>\n\t\t\t\t<a href='https:\/\/archive.sana.sy\/es\/?attachment_id=325083'><img loading=\"lazy\" decoding=\"async\" width=\"1280\" height=\"784\" src=\"https:\/\/archive.sana.sy\/es\/wp-content\/uploads\/2024\/03\/photo_2024-03-20_15-27-10.jpg\" class=\"attachment-full size-full\" alt=\"\" srcset=\"https:\/\/archive.sana.sy\/es\/wp-content\/uploads\/2024\/03\/photo_2024-03-20_15-27-10.jpg 1280w, https:\/\/archive.sana.sy\/es\/wp-content\/uploads\/2024\/03\/photo_2024-03-20_15-27-10-300x184.jpg 300w, https:\/\/archive.sana.sy\/es\/wp-content\/uploads\/2024\/03\/photo_2024-03-20_15-27-10-1024x627.jpg 1024w, https:\/\/archive.sana.sy\/es\/wp-content\/uploads\/2024\/03\/photo_2024-03-20_15-27-10-150x92.jpg 150w, https:\/\/archive.sana.sy\/es\/wp-content\/uploads\/2024\/03\/photo_2024-03-20_15-27-10-768x470.jpg 768w\" sizes=\"(max-width: 1280px) 100vw, 1280px\" \/><\/a>\n\t\t\t<\/div><\/figure><figure class='gallery-item'>\n\t\t\t<div class='gallery-icon landscape'>\n\t\t\t\t<a href='https:\/\/archive.sana.sy\/es\/?attachment_id=325082'><img loading=\"lazy\" decoding=\"async\" width=\"1280\" height=\"1007\" src=\"https:\/\/archive.sana.sy\/es\/wp-content\/uploads\/2024\/03\/photo_2024-03-20_15-27-09-3.jpg\" class=\"attachment-full size-full\" alt=\"\" srcset=\"https:\/\/archive.sana.sy\/es\/wp-content\/uploads\/2024\/03\/photo_2024-03-20_15-27-09-3.jpg 1280w, https:\/\/archive.sana.sy\/es\/wp-content\/uploads\/2024\/03\/photo_2024-03-20_15-27-09-3-300x236.jpg 300w, https:\/\/archive.sana.sy\/es\/wp-content\/uploads\/2024\/03\/photo_2024-03-20_15-27-09-3-1024x806.jpg 1024w, https:\/\/archive.sana.sy\/es\/wp-content\/uploads\/2024\/03\/photo_2024-03-20_15-27-09-3-150x118.jpg 150w, https:\/\/archive.sana.sy\/es\/wp-content\/uploads\/2024\/03\/photo_2024-03-20_15-27-09-3-768x604.jpg 768w\" sizes=\"(max-width: 1280px) 100vw, 1280px\" \/><\/a>\n\t\t\t<\/div><\/figure><figure class='gallery-item'>\n\t\t\t<div class='gallery-icon landscape'>\n\t\t\t\t<a href='https:\/\/archive.sana.sy\/es\/?attachment_id=325084'><img loading=\"lazy\" decoding=\"async\" width=\"1280\" height=\"807\" src=\"https:\/\/archive.sana.sy\/es\/wp-content\/uploads\/2024\/03\/photo_2024-03-20_15-27-09-2.jpg\" class=\"attachment-full size-full\" alt=\"\" srcset=\"https:\/\/archive.sana.sy\/es\/wp-content\/uploads\/2024\/03\/photo_2024-03-20_15-27-09-2.jpg 1280w, https:\/\/archive.sana.sy\/es\/wp-content\/uploads\/2024\/03\/photo_2024-03-20_15-27-09-2-300x189.jpg 300w, https:\/\/archive.sana.sy\/es\/wp-content\/uploads\/2024\/03\/photo_2024-03-20_15-27-09-2-1024x646.jpg 1024w, https:\/\/archive.sana.sy\/es\/wp-content\/uploads\/2024\/03\/photo_2024-03-20_15-27-09-2-150x95.jpg 150w, https:\/\/archive.sana.sy\/es\/wp-content\/uploads\/2024\/03\/photo_2024-03-20_15-27-09-2-768x484.jpg 768w\" sizes=\"(max-width: 1280px) 100vw, 1280px\" \/><\/a>\n\t\t\t<\/div><\/figure>\n\t\t<\/div>\n\n<p style=\"text-align: justify\">fm\/as<\/p>\n","protected":false},"excerpt":{"rendered":"<p>Damasco, 20 mar (SANA) El presidente Bashar Al-Assad y la primera dama Asmaa Al-Assad, recibieron hoy a un grupo de destacados educadores que han estado impartiendo clases durante casi cuatro d\u00e9cadas. El mandatario enfatiz\u00f3 que los maestros forman tambi\u00e9n un ej\u00e9rcito que luchan en el sector de educaci\u00f3n. A su vez, la primera dama destac\u00f3 &hellip;<\/p>\n","protected":false},"author":42,"featured_media":325087,"comment_status":"closed","ping_status":"closed","sticky":false,"template":"","format":"standard","meta":{"footnotes":""},"categories":[597,20724,16237,583,626],"tags":[],"class_list":["post-325081","post","type-post","status-publish","format-standard","has-post-thumbnail","","category-cinta-de-noticias","category-minuto-a-minuto","category-presidence-de-la-republique-arabe-syria","category-slide","category-sr-presidente"],"_links":{"self":[{"href":"https:\/\/archive.sana.sy\/es\/index.php?rest_route=\/wp\/v2\/posts\/325081"}],"collection":[{"href":"https:\/\/archive.sana.sy\/es\/index.php?rest_route=\/wp\/v2\/posts"}],"about":[{"href":"https:\/\/archive.sana.sy\/es\/index.php?rest_route=\/wp\/v2\/types\/post"}],"author":[{"embeddable":true,"href":"https:\/\/archive.sana.sy\/es\/index.php?rest_route=\/wp\/v2\/users\/42"}],"replies":[{"embeddable":true,"href":"https:\/\/archive.sana.sy\/es\/index.php?rest_route=%2Fwp%2Fv2%2Fcomments&post=325081"}],"version-history":[{"count":4,"href":"https:\/\/archive.sana.sy\/es\/index.php?rest_route=\/wp\/v2\/posts\/325081\/revisions"}],"predecessor-version":[{"id":325114,"href":"https:\/\/archive.sana.sy\/es\/index.php?rest_route=\/wp\/v2\/posts\/325081\/revisions\/325114"}],"wp:featuredmedia":[{"embeddable":true,"href":"https:\/\/archive.sana.sy\/es\/index.php?rest_route=\/wp\/v2\/media\/325087"}],"wp:attachment":[{"href":"https:\/\/archive.sana.sy\/es\/index.php?rest_route=%2Fwp%2Fv2%2Fmedia&parent=325081"}],"wp:term":[{"taxonomy":"category","embeddable":true,"href":"https:\/\/archive.sana.sy\/es\/index.php?rest_route=%2Fwp%2Fv2%2Fcategories&post=325081"},{"taxonomy":"post_tag","embeddable":true,"href":"https:\/\/archive.sana.sy\/es\/index.php?rest_route=%2Fwp%2Fv2%2Ftags&post=325081"}],"curies":[{"name":"wp","href":"https:\/\/api.w.org\/{rel}","templated":true}]}}